{"id":841,"date":"2023-10-11T23:00:34","date_gmt":"2023-10-11T20:00:34","guid":{"rendered":"https:\/\/fmr.arteiasi.ro\/?p=841"},"modified":"2023-10-11T23:00:34","modified_gmt":"2023-10-11T20:00:34","slug":"vineri-27-octombrie-ora-17","status":"publish","type":"post","link":"https:\/\/fmr.arteiasi.ro\/?p=841","title":{"rendered":"Vineri, 27 octombrie, ora 17"},"content":{"rendered":"\n<p>Sala Symposion \u201eGeorge Pascu\u201d, Corpul Artes<\/p>\n\n\n\n<p>Lansare de carte<\/p>\n\n\n\n<p><strong><em>Muzicianul Cristian Misievici. Un c\u0103l\u0103tor \u00een V\u0103ile pl\u00e2ngerii <\/em><\/strong>(Vol. I)<\/p>\n\n\n\n<p><strong><em>Cristian Misievici \u2013 Cronicar muzical. Publicist<\/em><\/strong><\/p>\n\n\n\n<p><strong>Autor: prof. univ. dr. <\/strong><strong>CARMEN CHELARU<\/strong><\/p>\n\n\n\n<p><strong>Invita\u021bi:<\/strong><\/p>\n\n\n\n<p><strong>Prof. univ. dr. <\/strong><strong>LAURA VASILIU<\/strong><\/p>\n\n\n\n<p><strong>Prof. univ. dr. <\/strong><strong>DAN PRELIPCEAN<\/strong><\/p>\n\n\n\n<p><strong>Moderator: conf. univ. dr. <\/strong><strong>LOREDANA IA\u021aE\u0218EN<\/strong><\/p>\n","protected":false},"excerpt":{"rendered":"<p>Sala Symposion \u201eGeorge Pascu\u201d, Corpul Artes Lansare de carte Muzicianul Cristian Misievici. Un c\u0103l\u0103tor \u00een V\u0103ile pl\u00e2ngerii (Vol. I) Cristian Misievici \u2013 Cronicar muzical. Publicist Autor: prof. univ. dr. CARMEN CHELARU Invita\u021bi: Prof. univ. dr. LAURA VASILIU Prof. univ. dr. DAN PRELIPCEAN Moderator: conf. univ. dr. LOREDANA IA\u021aE\u0218EN<\/p>\n","protected":false},"author":3,"featured_media":0,"comment_status":"closed","ping_status":"open","sticky":false,"template":"","format":"standard","meta":{"footnotes":""},"categories":[77],"tags":[],"class_list":["post-841","post","type-post","status-publish","format-standard","hentry","category-evenimente"],"_links":{"self":[{"href":"https:\/\/fmr.arteiasi.ro\/index.php?rest_route=\/wp\/v2\/posts\/841","targetHints":{"allow":["GET"]}}],"collection":[{"href":"https:\/\/fmr.arteiasi.ro\/index.php?rest_route=\/wp\/v2\/posts"}],"about":[{"href":"https:\/\/fmr.arteiasi.ro\/index.php?rest_route=\/wp\/v2\/types\/post"}],"author":[{"embeddable":true,"href":"https:\/\/fmr.arteiasi.ro\/index.php?rest_route=\/wp\/v2\/users\/3"}],"replies":[{"embeddable":true,"href":"https:\/\/fmr.arteiasi.ro\/index.php?rest_route=%2Fwp%2Fv2%2Fcomments&post=841"}],"version-history":[{"count":1,"href":"https:\/\/fmr.arteiasi.ro\/index.php?rest_route=\/wp\/v2\/posts\/841\/revisions"}],"predecessor-version":[{"id":842,"href":"https:\/\/fmr.arteiasi.ro\/index.php?rest_route=\/wp\/v2\/posts\/841\/revisions\/842"}],"wp:attachment":[{"href":"https:\/\/fmr.arteiasi.ro\/index.php?rest_route=%2Fwp%2Fv2%2Fmedia&parent=841"}],"wp:term":[{"taxonomy":"category","embeddable":true,"href":"https:\/\/fmr.arteiasi.ro\/index.php?rest_route=%2Fwp%2Fv2%2Fcategories&post=841"},{"taxonomy":"post_tag","embeddable":true,"href":"https:\/\/fmr.arteiasi.ro\/index.php?rest_route=%2Fwp%2Fv2%2Ftags&post=841"}],"curies":[{"name":"wp","href":"https:\/\/api.w.org\/{rel}","templated":true}]}}