{"id":839,"date":"2023-10-11T23:00:09","date_gmt":"2023-10-11T20:00:09","guid":{"rendered":"https:\/\/fmr.arteiasi.ro\/?p=839"},"modified":"2023-10-11T23:00:09","modified_gmt":"2023-10-11T20:00:09","slug":"vineri-27-octombrie-ora-10","status":"publish","type":"post","link":"https:\/\/fmr.arteiasi.ro\/?p=839","title":{"rendered":"Vineri, 27 octombrie, ora 10"},"content":{"rendered":"\n<p>Sala Symposion \u201eGeorge Pascu\u201d, Corpul Artes<\/p>\n\n\n\n<p><strong><em>Muzicieni de ieri <\/em><\/strong><strong><em>\u0219i de ast\u0103zi<\/em><\/strong><strong><em>.&nbsp;<\/em><\/strong><\/p>\n\n\n\n<p><strong><em>Profiluri, sinteze<\/em><\/strong><\/p>\n\n\n\n<p>COLOCVIU DE MUZIC\u0102 ROM\u00c2NEASC\u0102<\/p>\n\n\n\n<p>Colocviul este dedicat unor personalit\u0103\u021bi celebrate \u00een 2023 \u2013 <strong>Dimitrie Cantemir, Antonin Ciolan, Vasile Sp\u0103t\u0103relu, Cristian Misievici, Sabin P\u0103utza, Violeta Dinescu, Maria Sl\u0103tinaru-Nistor<\/strong> \u2013 adres\u00e2ndu-se tuturor cercet\u0103torilor, profesorilor \u0219i doctoranzilor ce rezoneaz\u0103 cu tema propus\u0103.<\/p>\n\n\n\n<p><strong>Echipa de organizare<\/strong><\/p>\n\n\n\n<p>Conf. univ. dr. Loredana Ia\u021be\u0219en \u2013 Universitatea Na\u021bional\u0103 de Arte \u201eGeorge Enescu\u201d Ia\u0219i<\/p>\n\n\n\n<p>&nbsp;&nbsp;&nbsp;&nbsp;&nbsp;(E-mail: iatesenloredana@yahoo.com)<\/p>\n\n\n\n<p>Conf. univ. dr. Gabriela Vlahopol \u2013 Universitatea Na\u021bional\u0103 de Arte \u201eGeorge Enescu\u201d Ia\u0219i<\/p>\n\n\n\n<p>&nbsp;&nbsp;&nbsp;&nbsp;(E-mail: gabrielavlahopol@gmail.com)<\/p>\n\n\n\n<p>Lect. univ. dr. Mihaela Balan \u2013 Universitatea Na\u021bional\u0103 de Arte \u201eGeorge Enescu\u201d Ia\u0219i<\/p>\n\n\n\n<p>&nbsp;&nbsp;&nbsp;&nbsp;(E-mail: mihaela.balan2015@gmail.com)<\/p>\n\n\n\n<p><strong>Comitetul \u0219tiin\u021bific<\/strong><\/p>\n\n\n\n<p>Prof. univ. dr. Laura Vasiliu \u2013 Universitatea Na\u021bional\u0103 de Arte \u201eGeorge Enescu\u201d Ia\u0219i<\/p>\n\n\n\n<p>Prof. univ. dr. Carmen Chelaru \u2013 Universitatea Na\u021bional\u0103 de Arte \u201eGeorge Enescu\u201d Ia\u0219i<\/p>\n\n\n\n<p>Prof. univ. dr. Leonard Dumitriu \u2013 Universitatea Na\u021bional\u0103 de Arte \u201eGeorge Enescu\u201d Ia\u0219i<\/p>\n","protected":false},"excerpt":{"rendered":"<p>Sala Symposion \u201eGeorge Pascu\u201d, Corpul Artes Muzicieni de ieri \u0219i de ast\u0103zi.&nbsp; Profiluri, sinteze COLOCVIU DE MUZIC\u0102 ROM\u00c2NEASC\u0102 Colocviul este dedicat unor personalit\u0103\u021bi celebrate \u00een 2023 \u2013 Dimitrie Cantemir, Antonin Ciolan, Vasile Sp\u0103t\u0103relu, Cristian Misievici, Sabin P\u0103utza, Violeta Dinescu, Maria Sl\u0103tinaru-Nistor \u2013 adres\u00e2ndu-se tuturor cercet\u0103torilor, profesorilor \u0219i doctoranzilor ce rezoneaz\u0103 cu tema propus\u0103. Echipa de [&hellip;]<\/p>\n","protected":false},"author":3,"featured_media":0,"comment_status":"closed","ping_status":"open","sticky":false,"template":"","format":"standard","meta":{"footnotes":""},"categories":[77],"tags":[],"class_list":["post-839","post","type-post","status-publish","format-standard","hentry","category-evenimente"],"_links":{"self":[{"href":"https:\/\/fmr.arteiasi.ro\/index.php?rest_route=\/wp\/v2\/posts\/839","targetHints":{"allow":["GET"]}}],"collection":[{"href":"https:\/\/fmr.arteiasi.ro\/index.php?rest_route=\/wp\/v2\/posts"}],"about":[{"href":"https:\/\/fmr.arteiasi.ro\/index.php?rest_route=\/wp\/v2\/types\/post"}],"author":[{"embeddable":true,"href":"https:\/\/fmr.arteiasi.ro\/index.php?rest_route=\/wp\/v2\/users\/3"}],"replies":[{"embeddable":true,"href":"https:\/\/fmr.arteiasi.ro\/index.php?rest_route=%2Fwp%2Fv2%2Fcomments&post=839"}],"version-history":[{"count":1,"href":"https:\/\/fmr.arteiasi.ro\/index.php?rest_route=\/wp\/v2\/posts\/839\/revisions"}],"predecessor-version":[{"id":840,"href":"https:\/\/fmr.arteiasi.ro\/index.php?rest_route=\/wp\/v2\/posts\/839\/revisions\/840"}],"wp:attachment":[{"href":"https:\/\/fmr.arteiasi.ro\/index.php?rest_route=%2Fwp%2Fv2%2Fmedia&parent=839"}],"wp:term":[{"taxonomy":"category","embeddable":true,"href":"https:\/\/fmr.arteiasi.ro\/index.php?rest_route=%2Fwp%2Fv2%2Fcategories&post=839"},{"taxonomy":"post_tag","embeddable":true,"href":"https:\/\/fmr.arteiasi.ro\/index.php?rest_route=%2Fwp%2Fv2%2Ftags&post=839"}],"curies":[{"name":"wp","href":"https:\/\/api.w.org\/{rel}","templated":true}]}}