{"id":823,"date":"2023-10-11T22:55:16","date_gmt":"2023-10-11T19:55:16","guid":{"rendered":"https:\/\/fmr.arteiasi.ro\/?p=823"},"modified":"2023-10-11T22:55:16","modified_gmt":"2023-10-11T19:55:16","slug":"luni-23-octombrie-ora-19","status":"publish","type":"post","link":"https:\/\/fmr.arteiasi.ro\/?p=823","title":{"rendered":"Luni, 23 octombrie, ora 19"},"content":{"rendered":"\n<p>Sala \u201eHenri Coand\u0103\u201d, Palatul Culturii din Ia\u0219i<\/p>\n\n\n\n<p><strong><em>Seara compozitorilor ie<\/em><\/strong><strong><em>\u0219<\/em><\/strong><strong><em>eni<\/em><\/strong><\/p>\n\n\n\n<p>CONCERT VOCAL-INSTRUMENTAL<\/p>\n\n\n\n<p><strong>Corul <\/strong><strong><em>ALETHEIA<\/em><\/strong><\/p>\n\n\n\n<p><strong>Invitat special: <\/strong><strong>LUIZA ZAN<\/strong><\/p>\n\n\n\n<p><strong>Pian: <\/strong><strong>MIHAELA PAVEL<\/strong><\/p>\n\n\n\n<p><strong>Dirijor: <\/strong><strong>DORINA COM\u0102NESCU<\/strong><\/p>\n\n\n\n<p><strong>Prezint\u0103: <\/strong><strong>ALIONA PACIURCA<\/strong><\/p>\n\n\n\n<p><strong>Program:<\/strong><\/p>\n\n\n\n<p><strong>Partea I: <\/strong>Achim Stoia \u2013 lieduri pentru voce \u0219i pian&nbsp;<\/p>\n\n\n\n<p><strong>&nbsp;&nbsp;&nbsp;&nbsp;&nbsp;&nbsp;&nbsp;&nbsp;&nbsp;&nbsp;&nbsp;&nbsp;&nbsp;&nbsp;&nbsp;&nbsp;&nbsp;&nbsp;&nbsp;&nbsp;(<\/strong><strong>Luiza Zan &amp; Mihaela Pavel<\/strong><strong>)<\/strong><\/p>\n\n\n\n<p><em>Inscrip\u021bie<\/em><\/p>\n\n\n\n<p><em>C\u00e2ntec de leag\u0103n (1937),<\/em><\/p>\n\n\n\n<p><em>C\u00e2ntec de leag\u0103n (1939),<\/em><\/p>\n\n\n\n<p><em>Mama mea,<\/em><\/p>\n\n\n\n<p><em>A venit un lup din cr\u00e2ng,<\/em><\/p>\n\n\n\n<p><em>Z\u0103pad\u0103,<\/em><\/p>\n\n\n\n<p><em>C\u00e2nd treci, bade, pe la noi?,<\/em><\/p>\n\n\n\n<p><em>Cine n-are dor pe vale,<\/em><\/p>\n\n\n\n<p><em>M\u00e2i b\u0103rbate, fii cuminte<\/em><\/p>\n\n\n\n<p><strong>Partea a II-a:<\/strong> Lucr\u0103ri ale compozitorilor ie\u0219eni contemporani<\/p>\n\n\n\n<p><strong>&nbsp;&nbsp;&nbsp;&nbsp;&nbsp;&nbsp;&nbsp;&nbsp;&nbsp;&nbsp;&nbsp;&nbsp;&nbsp;&nbsp;&nbsp;&nbsp;&nbsp;&nbsp;&nbsp;&nbsp;&nbsp;&nbsp;&nbsp;&nbsp;(<\/strong><strong>Corul <\/strong><strong><em>Aletheia<\/em><\/strong><strong>)<\/strong><\/p>\n\n\n\n<ol class=\"wp-block-list\">\n<li><strong>Viorel Munteanu, <\/strong><em>Rug\u0103ciune<\/em>, solo <strong>ANTONIA CUCERENCO<\/strong><\/li>\n\n\n\n<li><strong>Alexandru Semeniuc<\/strong>,<em> Pre Tine Te l\u0103ud\u0103m<\/em><\/li>\n\n\n\n<li><strong>Mihaela Spulber<\/strong><strong><em>, <\/em><\/strong><em>Tat\u0103l nostru<\/em>, solo <strong>ANTONIA CUCERENCO<\/strong><\/li>\n\n\n\n<li><strong>Vasile Sp\u0103t\u0103relu, <\/strong><strong><em>Floare albastr\u0103<\/em><\/strong><strong>,<\/strong> solo <strong>ANA-MARIA ALEXA<\/strong><\/li>\n\n\n\n<li><strong>Ciprian Ion<\/strong>, <em>Dac\u0103<\/em>, solo <strong>ANTONIA CUCERENCO<\/strong><\/li>\n\n\n\n<li><strong>Iustina Nedelcu-Chiuariu<\/strong>,<strong><em> <\/em><\/strong><em>\u0218i-au plecat olteni la coas\u0103<\/em><\/li>\n\n\n\n<li><strong>Sandu Banta\u0219,<\/strong><strong><em> <\/em><\/strong><em>Ilie\u2019s lullaby<\/em>&nbsp;<\/li>\n\n\n\n<li><strong>Mihaela Spulber,<\/strong><strong><em> <\/em><\/strong><em>De S\u00e2nziene<\/em>, solo <strong>MIHAELA SPULBER<\/strong><\/li>\n\n\n\n<li><strong>Sandu Banta\u0219, <\/strong><em>B\u0103tr\u00e2neasca and songs<\/em>, percu\u021bie <strong>IULIAN FODOR<\/strong><\/li>\n<\/ol>\n","protected":false},"excerpt":{"rendered":"<p>Sala \u201eHenri Coand\u0103\u201d, Palatul Culturii din Ia\u0219i Seara compozitorilor ie\u0219eni CONCERT VOCAL-INSTRUMENTAL Corul ALETHEIA Invitat special: LUIZA ZAN Pian: MIHAELA PAVEL Dirijor: DORINA COM\u0102NESCU Prezint\u0103: ALIONA PACIURCA Program: Partea I: Achim Stoia \u2013 lieduri pentru voce \u0219i pian&nbsp; &nbsp;&nbsp;&nbsp;&nbsp;&nbsp;&nbsp;&nbsp;&nbsp;&nbsp;&nbsp;&nbsp;&nbsp;&nbsp;&nbsp;&nbsp;&nbsp;&nbsp;&nbsp;&nbsp;&nbsp;(Luiza Zan &amp; Mihaela Pavel) Inscrip\u021bie C\u00e2ntec de leag\u0103n (1937), C\u00e2ntec de leag\u0103n (1939), Mama mea, A [&hellip;]<\/p>\n","protected":false},"author":3,"featured_media":0,"comment_status":"closed","ping_status":"open","sticky":false,"template":"","format":"standard","meta":{"footnotes":""},"categories":[77],"tags":[],"class_list":["post-823","post","type-post","status-publish","format-standard","hentry","category-evenimente"],"_links":{"self":[{"href":"https:\/\/fmr.arteiasi.ro\/index.php?rest_route=\/wp\/v2\/posts\/823","targetHints":{"allow":["GET"]}}],"collection":[{"href":"https:\/\/fmr.arteiasi.ro\/index.php?rest_route=\/wp\/v2\/posts"}],"about":[{"href":"https:\/\/fmr.arteiasi.ro\/index.php?rest_route=\/wp\/v2\/types\/post"}],"author":[{"embeddable":true,"href":"https:\/\/fmr.arteiasi.ro\/index.php?rest_route=\/wp\/v2\/users\/3"}],"replies":[{"embeddable":true,"href":"https:\/\/fmr.arteiasi.ro\/index.php?rest_route=%2Fwp%2Fv2%2Fcomments&post=823"}],"version-history":[{"count":1,"href":"https:\/\/fmr.arteiasi.ro\/index.php?rest_route=\/wp\/v2\/posts\/823\/revisions"}],"predecessor-version":[{"id":824,"href":"https:\/\/fmr.arteiasi.ro\/index.php?rest_route=\/wp\/v2\/posts\/823\/revisions\/824"}],"wp:attachment":[{"href":"https:\/\/fmr.arteiasi.ro\/index.php?rest_route=%2Fwp%2Fv2%2Fmedia&parent=823"}],"wp:term":[{"taxonomy":"category","embeddable":true,"href":"https:\/\/fmr.arteiasi.ro\/index.php?rest_route=%2Fwp%2Fv2%2Fcategories&post=823"},{"taxonomy":"post_tag","embeddable":true,"href":"https:\/\/fmr.arteiasi.ro\/index.php?rest_route=%2Fwp%2Fv2%2Ftags&post=823"}],"curies":[{"name":"wp","href":"https:\/\/api.w.org\/{rel}","templated":true}]}}