{"id":819,"date":"2023-10-11T22:54:15","date_gmt":"2023-10-11T19:54:15","guid":{"rendered":"https:\/\/fmr.arteiasi.ro\/?p=819"},"modified":"2023-10-11T22:54:15","modified_gmt":"2023-10-11T19:54:15","slug":"luni-23-octombrie-ora-13","status":"publish","type":"post","link":"https:\/\/fmr.arteiasi.ro\/?p=819","title":{"rendered":"Luni, 23 octombrie, ora 13"},"content":{"rendered":"\n<p>Sala Studio \u201eAnton Diaconu\u201d, Corpul Artes<\/p>\n\n\n\n<p><strong><em>Altare de lumin\u0103<\/em><\/strong><\/p>\n\n\n\n<p>RECITAL DE LIED \u0218I POEZIE<\/p>\n\n\n\n<p><strong>MIHAELA G\u00c2RLEA<\/strong><strong> \u2013 voce<\/strong><\/p>\n\n\n\n<p><strong>INA CRISTEA <\/strong><strong>\u2013 pian<\/strong><\/p>\n\n\n\n<p><strong>VASILICA B\u0102L\u0102I\u021a\u0102 <\/strong><strong>\u2013 actri\u021b\u0103<\/strong><\/p>\n\n\n\n<p><strong>\u00cen program: <\/strong>lucr\u0103ri \u00een <strong>prim\u0103 audi\u021bie<\/strong> din volumul de lieduri pentru voce \u0219i pian&nbsp;<strong><em>Altare de lumin\u0103<\/em><\/strong><strong>&nbsp;<\/strong>semnate de&nbsp;<strong>Sabin P\u0103utza<\/strong>, pe versuri scrise de <strong>Carmen Pasat<\/strong>.<\/p>\n","protected":false},"excerpt":{"rendered":"<p>Sala Studio \u201eAnton Diaconu\u201d, Corpul Artes Altare de lumin\u0103 RECITAL DE LIED \u0218I POEZIE MIHAELA G\u00c2RLEA \u2013 voce INA CRISTEA \u2013 pian VASILICA B\u0102L\u0102I\u021a\u0102 \u2013 actri\u021b\u0103 \u00cen program: lucr\u0103ri \u00een prim\u0103 audi\u021bie din volumul de lieduri pentru voce \u0219i pian&nbsp;Altare de lumin\u0103&nbsp;semnate de&nbsp;Sabin P\u0103utza, pe versuri scrise de Carmen Pasat.<\/p>\n","protected":false},"author":3,"featured_media":0,"comment_status":"closed","ping_status":"open","sticky":false,"template":"","format":"standard","meta":{"footnotes":""},"categories":[77],"tags":[],"class_list":["post-819","post","type-post","status-publish","format-standard","hentry","category-evenimente"],"_links":{"self":[{"href":"https:\/\/fmr.arteiasi.ro\/index.php?rest_route=\/wp\/v2\/posts\/819","targetHints":{"allow":["GET"]}}],"collection":[{"href":"https:\/\/fmr.arteiasi.ro\/index.php?rest_route=\/wp\/v2\/posts"}],"about":[{"href":"https:\/\/fmr.arteiasi.ro\/index.php?rest_route=\/wp\/v2\/types\/post"}],"author":[{"embeddable":true,"href":"https:\/\/fmr.arteiasi.ro\/index.php?rest_route=\/wp\/v2\/users\/3"}],"replies":[{"embeddable":true,"href":"https:\/\/fmr.arteiasi.ro\/index.php?rest_route=%2Fwp%2Fv2%2Fcomments&post=819"}],"version-history":[{"count":1,"href":"https:\/\/fmr.arteiasi.ro\/index.php?rest_route=\/wp\/v2\/posts\/819\/revisions"}],"predecessor-version":[{"id":820,"href":"https:\/\/fmr.arteiasi.ro\/index.php?rest_route=\/wp\/v2\/posts\/819\/revisions\/820"}],"wp:attachment":[{"href":"https:\/\/fmr.arteiasi.ro\/index.php?rest_route=%2Fwp%2Fv2%2Fmedia&parent=819"}],"wp:term":[{"taxonomy":"category","embeddable":true,"href":"https:\/\/fmr.arteiasi.ro\/index.php?rest_route=%2Fwp%2Fv2%2Fcategories&post=819"},{"taxonomy":"post_tag","embeddable":true,"href":"https:\/\/fmr.arteiasi.ro\/index.php?rest_route=%2Fwp%2Fv2%2Ftags&post=819"}],"curies":[{"name":"wp","href":"https:\/\/api.w.org\/{rel}","templated":true}]}}