{"id":817,"date":"2023-10-11T22:53:31","date_gmt":"2023-10-11T19:53:31","guid":{"rendered":"https:\/\/fmr.arteiasi.ro\/?p=817"},"modified":"2023-10-11T22:53:31","modified_gmt":"2023-10-11T19:53:31","slug":"luni-23-octombrie-ora-11","status":"publish","type":"post","link":"https:\/\/fmr.arteiasi.ro\/?p=817","title":{"rendered":"Luni, 23 octombrie, ora 11"},"content":{"rendered":"\n<p>Sala Studio \u201eAnton Diaconu\u201d, Corpul Artes<\/p>\n\n\n\n<p><strong>Atelier de interpretare vocal\u0103<\/strong><\/p>\n\n\n\n<p><strong>MIHAELA G\u00c2RLEA &amp; clasa de Canto Jazz \u0219i Muzic\u0103 U\u0219oar\u0103 <\/strong>a Facult\u0103\u021bii de Interpretare, Compozi\u021bie \u0219i Studii Muzicale Teoretice<\/p>\n\n\n\n<p><strong>Interpre\u021bi soli\u0219ti:<\/strong><\/p>\n\n\n\n<p><strong>DIANA MARIA ROGOJIN\u0102<\/strong><strong>, anul III, Compozi\u021bie<\/strong><\/p>\n\n\n\n<p><strong>LAURA MOGOREAN<\/strong><strong>, anul III, Compozi\u021bie<\/strong><\/p>\n\n\n\n<p><strong>ANDREEA S\u0102L\u0102V\u0102STRU<\/strong><strong>, anul II, Compozi\u021bie<\/strong><\/p>\n\n\n\n<p><strong>SOFIA ANDRONIC<\/strong><strong>, anul I, Compozi\u021bie<\/strong><\/p>\n\n\n\n<p><strong>MIRIAM IOANA OBAD\u0102<\/strong><strong>, anul III, Muzicologie<\/strong><\/p>\n\n\n\n<p><strong>ADILIA CHIRIAC<\/strong><strong>, anul I, Compozi\u021bie<\/strong><\/p>\n\n\n\n<p><strong>\u0218TEFANIA GOSAV<\/strong><strong>, anul II, Compozi\u021bie<\/strong><\/p>\n\n\n\n<p><strong>CRISTIAN VR\u0102JITORU<\/strong><strong>, anul III, Compozi\u021bie<\/strong><\/p>\n\n\n\n<p><strong>Lect. univ. dr. <\/strong><strong>MIHAELA G\u00c2RLEA<\/strong><\/p>\n\n\n\n<p><strong>Pian:&nbsp;<\/strong><\/p>\n\n\n\n<p><strong>Lect. univ. dr. <\/strong><strong>PAUL PINTILIE&nbsp;<\/strong><\/p>\n\n\n\n<p><strong>DANIEL BALAN<\/strong><strong>, anul III, Compozi\u021bie&nbsp;<\/strong><\/p>\n\n\n\n<p><strong>Chitar\u0103:<\/strong><\/p>\n\n\n\n<p><strong>TUDOR ST\u0102NESCU<\/strong><\/p>\n\n\n\n<p><strong>\u00cen program: <\/strong>lucr\u0103ri de pe albumul<strong> <\/strong><strong><em>The Best Of Pop Music<\/em><\/strong><strong>, <\/strong>con\u021bin\u00e2nd piese compuse de<strong> Sabin P\u0103utza.<\/strong><\/p>\n","protected":false},"excerpt":{"rendered":"<p>Sala Studio \u201eAnton Diaconu\u201d, Corpul Artes Atelier de interpretare vocal\u0103 MIHAELA G\u00c2RLEA &amp; clasa de Canto Jazz \u0219i Muzic\u0103 U\u0219oar\u0103 a Facult\u0103\u021bii de Interpretare, Compozi\u021bie \u0219i Studii Muzicale Teoretice Interpre\u021bi soli\u0219ti: DIANA MARIA ROGOJIN\u0102, anul III, Compozi\u021bie LAURA MOGOREAN, anul III, Compozi\u021bie ANDREEA S\u0102L\u0102V\u0102STRU, anul II, Compozi\u021bie SOFIA ANDRONIC, anul I, Compozi\u021bie MIRIAM IOANA OBAD\u0102, [&hellip;]<\/p>\n","protected":false},"author":3,"featured_media":0,"comment_status":"closed","ping_status":"open","sticky":false,"template":"","format":"standard","meta":{"footnotes":""},"categories":[77],"tags":[],"class_list":["post-817","post","type-post","status-publish","format-standard","hentry","category-evenimente"],"_links":{"self":[{"href":"https:\/\/fmr.arteiasi.ro\/index.php?rest_route=\/wp\/v2\/posts\/817","targetHints":{"allow":["GET"]}}],"collection":[{"href":"https:\/\/fmr.arteiasi.ro\/index.php?rest_route=\/wp\/v2\/posts"}],"about":[{"href":"https:\/\/fmr.arteiasi.ro\/index.php?rest_route=\/wp\/v2\/types\/post"}],"author":[{"embeddable":true,"href":"https:\/\/fmr.arteiasi.ro\/index.php?rest_route=\/wp\/v2\/users\/3"}],"replies":[{"embeddable":true,"href":"https:\/\/fmr.arteiasi.ro\/index.php?rest_route=%2Fwp%2Fv2%2Fcomments&post=817"}],"version-history":[{"count":1,"href":"https:\/\/fmr.arteiasi.ro\/index.php?rest_route=\/wp\/v2\/posts\/817\/revisions"}],"predecessor-version":[{"id":818,"href":"https:\/\/fmr.arteiasi.ro\/index.php?rest_route=\/wp\/v2\/posts\/817\/revisions\/818"}],"wp:attachment":[{"href":"https:\/\/fmr.arteiasi.ro\/index.php?rest_route=%2Fwp%2Fv2%2Fmedia&parent=817"}],"wp:term":[{"taxonomy":"category","embeddable":true,"href":"https:\/\/fmr.arteiasi.ro\/index.php?rest_route=%2Fwp%2Fv2%2Fcategories&post=817"},{"taxonomy":"post_tag","embeddable":true,"href":"https:\/\/fmr.arteiasi.ro\/index.php?rest_route=%2Fwp%2Fv2%2Ftags&post=817"}],"curies":[{"name":"wp","href":"https:\/\/api.w.org\/{rel}","templated":true}]}}