{"id":813,"date":"2023-10-11T22:52:00","date_gmt":"2023-10-11T19:52:00","guid":{"rendered":"https:\/\/fmr.arteiasi.ro\/?p=813"},"modified":"2023-10-11T22:52:00","modified_gmt":"2023-10-11T19:52:00","slug":"duminica-22-octombrie-ora-17-00","status":"publish","type":"post","link":"https:\/\/fmr.arteiasi.ro\/?p=813","title":{"rendered":"Duminic\u0103, 22 octombrie, ora 17.00"},"content":{"rendered":"\n<p>Sala Voievozilor, Palatul Culturii din Ia\u0219i<\/p>\n\n\n\n<p><strong><em>Muzici cu parfum oriental.<\/em><\/strong><\/p>\n\n\n\n<p>DIMITRIE CANTEMIR \u0218I ANTON PANN<\/p>\n\n\n\n<p><strong>Ansamblul vocal-instrumental <\/strong><strong><em>FLORALIA<\/em><\/strong><strong>, UNAGE<\/strong><\/p>\n\n\n\n<p><strong>Conducerea muzical\u0103: <\/strong><strong>IRINA ZAMFIRA D\u0102NIL\u0102<\/strong><\/p>\n\n\n\n<p><strong>Program:<\/strong><\/p>\n\n\n\n<p><strong>Partea I: <\/strong><strong><em>Itinerar muzical balcanic: de la Istanbul la Bucure\u0219ti<\/em><\/strong><\/p>\n\n\n\n<ol class=\"wp-block-list\">\n<li>Pe\u0219rev \u00een modul B\u00fcselik (autor: <strong>Dimitrie Cantemir<\/strong>)<\/li>\n\n\n\n<li>Semai \u00een modul Irak (autor <strong>Zurnazen Ibrahim Agha<\/strong>)<\/li>\n\n\n\n<li>Pe\u0219rev \u00een modul Adjem Yegiahi (autor: <strong>Dimitrie Cantemir<\/strong>)<\/li>\n\n\n\n<li>Pe\u0219rev \u00een modul Rast (autor: <strong>Dimitrie Cantemir<\/strong>).<\/li>\n\n\n\n<li>Pe\u0219rev \u00een modul Rast, \u201eValurile m\u0103rii\u201d (autor: <strong>Dimitrie Cantemir<\/strong>)<\/li>\n\n\n\n<li>Pe\u0219rev \u00een modul H\u00fcseyni (autor: <strong>Dimitrie Cantemir<\/strong>)<\/li>\n<\/ol>\n\n\n\n<p><strong>Partea a II-a: <\/strong><strong><em>C\u00e2ntece de lume culese \u0219i notate \u00een semiografie muzical\u0103 bisericeasc\u0103 de Anton Pann<\/em><\/strong><\/p>\n\n\n\n<ol class=\"wp-block-list\">\n<li><em>Uit\u0103-te cu mil\u0103, puic\u0103<\/em><\/li>\n\n\n\n<li><em>Draga mea, ce stai pe g\u00e2nduri<\/em><\/li>\n\n\n\n<li><em>Scoal\u0103, puiculi\u021b\u0103, scoal\u0103<\/em><\/li>\n\n\n\n<li><em>Fat\u0103 de bir\u0103u<\/em><\/li>\n\n\n\n<li><em>De-ai \u0219ti, sufle\u021belul meu<\/em><\/li>\n\n\n\n<li><em>Dec\u00e2t ruda \u0219i vecinul<\/em><\/li>\n\n\n\n<li><em>P\u00e2n\u0103 c\u00e2nd s\u0103 sim\u021b durere<\/em><\/li>\n\n\n\n<li><em>P\u00e2n\u0103 c\u00e2nd nu te iubeam<\/em><\/li>\n\n\n\n<li><em>Ah, a mea iubit\u0103 floare<\/em> (din culegerea lui <strong>Gheorghe Ucenescu<\/strong>, <em>Carte de c\u00e2nt\u0103ri, cu note de psaltichie<\/em>)<\/li>\n<\/ol>\n","protected":false},"excerpt":{"rendered":"<p>Sala Voievozilor, Palatul Culturii din Ia\u0219i Muzici cu parfum oriental. DIMITRIE CANTEMIR \u0218I ANTON PANN Ansamblul vocal-instrumental FLORALIA, UNAGE Conducerea muzical\u0103: IRINA ZAMFIRA D\u0102NIL\u0102 Program: Partea I: Itinerar muzical balcanic: de la Istanbul la Bucure\u0219ti Partea a II-a: C\u00e2ntece de lume culese \u0219i notate \u00een semiografie muzical\u0103 bisericeasc\u0103 de Anton Pann<\/p>\n","protected":false},"author":3,"featured_media":0,"comment_status":"closed","ping_status":"open","sticky":false,"template":"","format":"standard","meta":{"footnotes":""},"categories":[77],"tags":[],"class_list":["post-813","post","type-post","status-publish","format-standard","hentry","category-evenimente"],"_links":{"self":[{"href":"https:\/\/fmr.arteiasi.ro\/index.php?rest_route=\/wp\/v2\/posts\/813","targetHints":{"allow":["GET"]}}],"collection":[{"href":"https:\/\/fmr.arteiasi.ro\/index.php?rest_route=\/wp\/v2\/posts"}],"about":[{"href":"https:\/\/fmr.arteiasi.ro\/index.php?rest_route=\/wp\/v2\/types\/post"}],"author":[{"embeddable":true,"href":"https:\/\/fmr.arteiasi.ro\/index.php?rest_route=\/wp\/v2\/users\/3"}],"replies":[{"embeddable":true,"href":"https:\/\/fmr.arteiasi.ro\/index.php?rest_route=%2Fwp%2Fv2%2Fcomments&post=813"}],"version-history":[{"count":1,"href":"https:\/\/fmr.arteiasi.ro\/index.php?rest_route=\/wp\/v2\/posts\/813\/revisions"}],"predecessor-version":[{"id":814,"href":"https:\/\/fmr.arteiasi.ro\/index.php?rest_route=\/wp\/v2\/posts\/813\/revisions\/814"}],"wp:attachment":[{"href":"https:\/\/fmr.arteiasi.ro\/index.php?rest_route=%2Fwp%2Fv2%2Fmedia&parent=813"}],"wp:term":[{"taxonomy":"category","embeddable":true,"href":"https:\/\/fmr.arteiasi.ro\/index.php?rest_route=%2Fwp%2Fv2%2Fcategories&post=813"},{"taxonomy":"post_tag","embeddable":true,"href":"https:\/\/fmr.arteiasi.ro\/index.php?rest_route=%2Fwp%2Fv2%2Ftags&post=813"}],"curies":[{"name":"wp","href":"https:\/\/api.w.org\/{rel}","templated":true}]}}