{"id":810,"date":"2023-10-21T19:00:00","date_gmt":"2023-10-21T16:00:00","guid":{"rendered":"https:\/\/fmr.arteiasi.ro\/?p=810"},"modified":"2023-10-18T22:03:20","modified_gmt":"2023-10-18T19:03:20","slug":"sambata-21-octombrie-ora-19","status":"publish","type":"post","link":"https:\/\/fmr.arteiasi.ro\/?p=810","title":{"rendered":"Etosul anotimpurilor"},"content":{"rendered":"\n<p>Sala&nbsp;\u201eEduard Caudella\u201d, Casa Bal\u0219<\/p>\n\n\n\n<p><\/p>\n\n\n\n<p><strong><em>Etosul anotimpurilor<\/em><\/strong><\/p>\n\n\n\n<p>CONCERT DE MUZIC\u0102 CONTEMPORAN\u0102<\/p>\n\n\n\n<p><strong>Ansamblul <\/strong><strong><em>Couleurs<\/em><\/strong><strong>, ANMGD<\/strong><\/p>\n\n\n\n<p><strong>CARINA COSTE, RAMONA MURARIU <\/strong><strong>\u2013 flaut<\/strong><\/p>\n\n\n\n<p><strong>SERGIU CEBOTARI <\/strong><strong>\u2013 clarinet<\/strong><\/p>\n\n\n\n<p><strong>ANA-TEODORA BUIA <\/strong><strong>\u2013 vioar\u0103<\/strong><\/p>\n\n\n\n<p><strong>FODOR LILLA DOROTTYA <\/strong><strong>\u2013 viol\u0103<\/strong><\/p>\n\n\n\n<p><strong>ADELA HANIA GREAB <\/strong><strong>\u2013 violoncel<\/strong><\/p>\n\n\n\n<p><strong>SANDA R\u0102ILEANU<\/strong><strong> \u2013 harp\u0103<\/strong><\/p>\n\n\n\n<p><strong>ALEX LAZ\u0102R <\/strong><strong>\u2013 pian<\/strong><\/p>\n\n\n\n<p><strong>TONI V\u00ceNTUR <\/strong><strong>\u2013 percu\u021bie<\/strong><\/p>\n\n\n\n<p><strong>Conducerea muzical\u0103:&nbsp;<\/strong><\/p>\n\n\n\n<p><strong>ALEXANDRU \u0218TEFAN MURARIU<\/strong><\/p>\n\n\n\n<p><strong>Program:<\/strong><\/p>\n\n\n\n<ol class=\"wp-block-list\">\n<li><strong>Aurel Stroe<\/strong> \u2013 <em>Pastorala I<\/em> pentru trio&nbsp;<\/li>\n\n\n\n<li><strong>Adrian Pop<\/strong> \u2013 <em>\u021aiituri II<\/em> pentru pian \u0219i vioar\u0103<\/li>\n\n\n\n<li><strong>Emanuela Izabela Vieriu<\/strong> \u2013 <em>Skopje Suite <\/em>pentru cvartet politimbral<\/li>\n\n\n\n<li><strong>Tudor Feraru<\/strong> \u2013 <em>Starlight<\/em> pentru ansamblu \u0219i band\u0103 8<\/li>\n\n\n\n<li><strong>Alexandru Murariu<\/strong> \u2013 <em>Pas\u0103rea M\u0103iastr\u0103<\/em> pentru ansamblu<\/li>\n\n\n\n<li><strong>Aurelian B\u0103can<\/strong> \u2013 <em>La cire\u0219e<\/em> pentru ansamblu<\/li>\n\n\n\n<li><strong>Gabriel M\u0103l\u0103ncioiu<\/strong> \u2013 <em>Printemps verdure<\/em> pentru ansamblu<\/li>\n<\/ol>\n","protected":false},"excerpt":{"rendered":"<p>Sala&nbsp;\u201eEduard Caudella\u201d, Casa Bal\u0219 Etosul anotimpurilor CONCERT DE MUZIC\u0102 CONTEMPORAN\u0102 Ansamblul Couleurs, ANMGD CARINA COSTE, RAMONA MURARIU \u2013 flaut SERGIU CEBOTARI \u2013 clarinet ANA-TEODORA BUIA \u2013 vioar\u0103 FODOR LILLA DOROTTYA \u2013 viol\u0103 ADELA HANIA GREAB \u2013 violoncel SANDA R\u0102ILEANU \u2013 harp\u0103 ALEX LAZ\u0102R \u2013 pian TONI V\u00ceNTUR \u2013 percu\u021bie Conducerea muzical\u0103:&nbsp; ALEXANDRU \u0218TEFAN MURARIU Program:<\/p>\n","protected":false},"author":3,"featured_media":0,"comment_status":"closed","ping_status":"open","sticky":false,"template":"","format":"standard","meta":{"footnotes":""},"categories":[77],"tags":[],"class_list":["post-810","post","type-post","status-publish","format-standard","hentry","category-evenimente"],"_links":{"self":[{"href":"https:\/\/fmr.arteiasi.ro\/index.php?rest_route=\/wp\/v2\/posts\/810","targetHints":{"allow":["GET"]}}],"collection":[{"href":"https:\/\/fmr.arteiasi.ro\/index.php?rest_route=\/wp\/v2\/posts"}],"about":[{"href":"https:\/\/fmr.arteiasi.ro\/index.php?rest_route=\/wp\/v2\/types\/post"}],"author":[{"embeddable":true,"href":"https:\/\/fmr.arteiasi.ro\/index.php?rest_route=\/wp\/v2\/users\/3"}],"replies":[{"embeddable":true,"href":"https:\/\/fmr.arteiasi.ro\/index.php?rest_route=%2Fwp%2Fv2%2Fcomments&post=810"}],"version-history":[{"count":3,"href":"https:\/\/fmr.arteiasi.ro\/index.php?rest_route=\/wp\/v2\/posts\/810\/revisions"}],"predecessor-version":[{"id":866,"href":"https:\/\/fmr.arteiasi.ro\/index.php?rest_route=\/wp\/v2\/posts\/810\/revisions\/866"}],"wp:attachment":[{"href":"https:\/\/fmr.arteiasi.ro\/index.php?rest_route=%2Fwp%2Fv2%2Fmedia&parent=810"}],"wp:term":[{"taxonomy":"category","embeddable":true,"href":"https:\/\/fmr.arteiasi.ro\/index.php?rest_route=%2Fwp%2Fv2%2Fcategories&post=810"},{"taxonomy":"post_tag","embeddable":true,"href":"https:\/\/fmr.arteiasi.ro\/index.php?rest_route=%2Fwp%2Fv2%2Ftags&post=810"}],"curies":[{"name":"wp","href":"https:\/\/api.w.org\/{rel}","templated":true}]}}