{"id":1412,"date":"2025-10-11T15:42:03","date_gmt":"2025-10-11T12:42:03","guid":{"rendered":"https:\/\/fmr.arteiasi.ro\/?p=1412"},"modified":"2025-10-11T15:42:03","modified_gmt":"2025-10-11T12:42:03","slug":"vineri-17-oct-ora-17-palatul-braunstein-irreparabile-tempus-recital-vocal-instrumental","status":"publish","type":"post","link":"https:\/\/fmr.arteiasi.ro\/?p=1412","title":{"rendered":"Vineri, 17 oct., ora 17 | \u00a0Palatul Braunstein &#8211; Irreparabile tempus | Recital vocal-instrumental"},"content":{"rendered":"\n<p>Vineri, 17 octombrie, ora 17.00<\/p>\n\n\n\n<p>Palatul Braunstein<\/p>\n\n\n\n<p><strong><em>Irreparabile tempus<\/em><\/strong><\/p>\n\n\n\n<p>RECITAL VOCAL-INSTRUMENTAL<\/p>\n\n\n\n<p>Interpreteaz\u0103: <strong><\/strong><\/p>\n\n\n\n<p><strong>CRISTINA SIMIONESCU<\/strong>, sopran\u0103 (UNAGE)<\/p>\n\n\n\n<p><strong>BR\u00ceNDU\u0218A TUDOR<\/strong>, pian (UNAGE)<\/p>\n\n\n\n<p><strong>CLAUDIA CODREANU<\/strong>, mezzo-sopran\u0103 (UNMB)<\/p>\n\n\n\n<p><strong>VASILICA STOICIU-FRUNZ\u0102<\/strong>, pian (UNAGE)<\/p>\n\n\n\n<p>Invita\u021bi: <strong>DANIEL PAICU<\/strong>, clarinet (UNAGE)<\/p>\n\n\n\n<p>&nbsp;&nbsp;&nbsp;&nbsp;&nbsp;&nbsp;&nbsp; &nbsp;<strong>EMIL CO\u0218ERU<\/strong>,actor Teatrul Na\u021bional Ia\u0219i<\/p>\n\n\n\n<p>Eveniment prefa\u021bat de <strong>TEODORA BUTNARU<\/strong><\/p>\n\n\n\n<p>(Anul IV, Muzicologie)<\/p>\n\n\n\n<p>Program:<\/p>\n\n\n\n<p><strong>Vasile Sp\u0103t\u0103relu<\/strong> \u2013 <em>Trei lieduri<\/em> <em>pe versuri de Nichita St\u0103nescu<\/em><\/p>\n\n\n\n<p><em>&nbsp;Somnoroase p\u0103s\u0103rele<\/em><\/p>\n\n\n\n<p><em>Tat\u0103l nostru<\/em><\/p>\n\n\n\n<p>Trio-ul <em>E numele t\u0103u<\/em> pentru sopran\u0103,<\/p>\n\n\n\n<p>clarinet \u0219i pian<\/p>\n\n\n\n<p>(<strong>Cristina Simionescu, Br\u00eendu\u0219a Tudor, Daniel Paicu)<\/strong><\/p>\n\n\n\n<p><strong>* * *<\/strong><\/p>\n\n\n\n<p><strong>Leonard Dumitriu<\/strong> \u0219i <strong>Roxana Pepelea<\/strong> \u2013 <em>Interoga\u021bii sonore \u00een oglind\u0103<\/em>. Lieduri pe versuri de Vasile Burlui:<\/p>\n\n\n\n<p>1,2&nbsp; <em>Polenul sufletelor noastre<\/em><\/p>\n\n\n\n<p>3,4&nbsp; <em>Irreparabile tempus<\/em><\/p>\n\n\n\n<p>5,6&nbsp; <em>V\u0103ratec 2013<\/em><\/p>\n\n\n\n<p>7,8&nbsp; <em>Mea maxima culpa<\/em><\/p>\n\n\n\n<p>9,10 <em>\u00cengerul nop\u021bilor<\/em><\/p>\n\n\n\n<p>11,12 <em>Menuet de toamn\u0103<\/em><\/p>\n\n\n\n<p>13,14 <em>Concert vesperal<\/em><\/p>\n\n\n\n<p>15,16 <em>Chant rompu<\/em><\/p>\n\n\n\n<p>(<strong>Claudia Codreanu<\/strong>,<strong> Vasilica Stoiciu-Frunz\u0103<\/strong>,<strong> <\/strong><strong>Emil Co\u0219eru<\/strong>)<\/p>\n\n\n\n<figure class=\"wp-block-image size-large\"><a href=\"https:\/\/fmr.arteiasi.ro\/wp-content\/uploads\/2025\/10\/Afis-17-oct.-ora-17.00-Palatul-Braunstein-whapp-1.jpg\"><img loading=\"lazy\" decoding=\"async\" width=\"731\" height=\"1024\" src=\"https:\/\/fmr.arteiasi.ro\/wp-content\/uploads\/2025\/10\/Afis-17-oct.-ora-17.00-Palatul-Braunstein-whapp-1-731x1024.jpg\" alt=\"\" class=\"wp-image-1413\" srcset=\"https:\/\/fmr.arteiasi.ro\/wp-content\/uploads\/2025\/10\/Afis-17-oct.-ora-17.00-Palatul-Braunstein-whapp-1-731x1024.jpg 731w, https:\/\/fmr.arteiasi.ro\/wp-content\/uploads\/2025\/10\/Afis-17-oct.-ora-17.00-Palatul-Braunstein-whapp-1-214x300.jpg 214w, https:\/\/fmr.arteiasi.ro\/wp-content\/uploads\/2025\/10\/Afis-17-oct.-ora-17.00-Palatul-Braunstein-whapp-1-768x1075.jpg 768w\" sizes=\"auto, (max-width: 731px) 100vw, 731px\" \/><\/a><\/figure>\n","protected":false},"excerpt":{"rendered":"<p>Vineri, 17 octombrie, ora 17.00 Palatul Braunstein Irreparabile tempus RECITAL VOCAL-INSTRUMENTAL Interpreteaz\u0103: CRISTINA SIMIONESCU, sopran\u0103 (UNAGE) BR\u00ceNDU\u0218A TUDOR, pian (UNAGE) CLAUDIA CODREANU, mezzo-sopran\u0103 (UNMB) VASILICA STOICIU-FRUNZ\u0102, pian (UNAGE) Invita\u021bi: DANIEL PAICU, clarinet (UNAGE) &nbsp;&nbsp;&nbsp;&nbsp;&nbsp;&nbsp;&nbsp; &nbsp;EMIL CO\u0218ERU,actor Teatrul Na\u021bional Ia\u0219i Eveniment prefa\u021bat de TEODORA BUTNARU (Anul IV, Muzicologie) Program: Vasile Sp\u0103t\u0103relu \u2013 Trei lieduri pe versuri [&hellip;]<\/p>\n","protected":false},"author":3,"featured_media":0,"comment_status":"closed","ping_status":"open","sticky":false,"template":"","format":"standard","meta":{"footnotes":""},"categories":[80],"tags":[],"class_list":["post-1412","post","type-post","status-publish","format-standard","hentry","category-evenimente-fmr-2025"],"_links":{"self":[{"href":"https:\/\/fmr.arteiasi.ro\/index.php?rest_route=\/wp\/v2\/posts\/1412","targetHints":{"allow":["GET"]}}],"collection":[{"href":"https:\/\/fmr.arteiasi.ro\/index.php?rest_route=\/wp\/v2\/posts"}],"about":[{"href":"https:\/\/fmr.arteiasi.ro\/index.php?rest_route=\/wp\/v2\/types\/post"}],"author":[{"embeddable":true,"href":"https:\/\/fmr.arteiasi.ro\/index.php?rest_route=\/wp\/v2\/users\/3"}],"replies":[{"embeddable":true,"href":"https:\/\/fmr.arteiasi.ro\/index.php?rest_route=%2Fwp%2Fv2%2Fcomments&post=1412"}],"version-history":[{"count":1,"href":"https:\/\/fmr.arteiasi.ro\/index.php?rest_route=\/wp\/v2\/posts\/1412\/revisions"}],"predecessor-version":[{"id":1414,"href":"https:\/\/fmr.arteiasi.ro\/index.php?rest_route=\/wp\/v2\/posts\/1412\/revisions\/1414"}],"wp:attachment":[{"href":"https:\/\/fmr.arteiasi.ro\/index.php?rest_route=%2Fwp%2Fv2%2Fmedia&parent=1412"}],"wp:term":[{"taxonomy":"category","embeddable":true,"href":"https:\/\/fmr.arteiasi.ro\/index.php?rest_route=%2Fwp%2Fv2%2Fcategories&post=1412"},{"taxonomy":"post_tag","embeddable":true,"href":"https:\/\/fmr.arteiasi.ro\/index.php?rest_route=%2Fwp%2Fv2%2Ftags&post=1412"}],"curies":[{"name":"wp","href":"https:\/\/api.w.org\/{rel}","templated":true}]}}