{"id":1400,"date":"2025-10-11T15:35:55","date_gmt":"2025-10-11T12:35:55","guid":{"rendered":"https:\/\/fmr.arteiasi.ro\/?p=1400"},"modified":"2025-10-11T15:35:55","modified_gmt":"2025-10-11T12:35:55","slug":"vineri-17-oct-ora-9-sala-symposion-george-pascu-corpul-artes-muzicieni-de-ieri-si-de-astazi-profiluri-sinteze-colocviu-de-muzica-romaneasca-lansare-de-carte-mihaela-g","status":"publish","type":"post","link":"https:\/\/fmr.arteiasi.ro\/?p=1400","title":{"rendered":"Vineri, 17 oct., ora 9 | Sala Symposion \u201eGeorge Pascu\u201d, Corpul Artes &#8211; Muzicieni de ieri \u0219i de ast\u0103zi. Profiluri, sinteze | Colocviu de muzic\u0103 rom\u00e2neasc\u0103 | Lansare de carte | Mihaela G\u00e2rlea \u2013 Mentori \u0219i discipoli. Deveniri&#8230;"},"content":{"rendered":"\n<p>Vineri, 17 octombrie, ora 9.00<\/p>\n\n\n\n<p>Sala Symposion \u201eGeorge Pascu\u201d, Corpul Artes<\/p>\n\n\n\n<p><strong>Centrul de Cercetare \u201e\u0218tiin\u021ba Muzicii\u201d<\/strong><strong><\/strong><\/p>\n\n\n\n<p><strong>IOSUD UNAGE, \u0218coala Doctoral\u0103 \u2013 Domeniul Muzic\u0103<\/strong><strong><\/strong><\/p>\n\n\n\n<p><strong><em>Muzicieni de ieri \u0219i de ast\u0103zi.<\/em><\/strong><\/p>\n\n\n\n<p><strong><em>&nbsp;&nbsp;&nbsp;&nbsp; Profiluri, sinteze<\/em><\/strong><\/p>\n\n\n\n<p>COLOCVIU DE MUZIC\u0102 ROM\u00c2NEASC\u0102 (edi\u021bia a II-a)&nbsp;<\/p>\n\n\n\n<p><strong>Comitetul \u0219tiin\u021bific:<\/strong><\/p>\n\n\n\n<p>Prof. univ. dr. <strong>Laura-Otilia Vasiliu<\/strong> (Universitatea Na\u021bional\u0103 de Arte \u201eGeorge Enescu\u201d Ia\u0219i)<\/p>\n\n\n\n<p>Prof. univ. dr. <strong>Cezara Petrescu<\/strong> (Universitatea Na\u021bional\u0103 de Arte \u201eGeorge Enescu\u201d Ia\u0219i)<\/p>\n\n\n\n<p>Conf. univ. dr. <strong>Gabriela Vlahopol<\/strong> (Universitatea Na\u021bional\u0103 de Arte \u201eGeorge Enescu\u201d Ia\u0219i)<\/p>\n\n\n\n<p><strong>Echipa de organizare:<\/strong><\/p>\n\n\n\n<p>Conf. univ. dr. <strong>Loredana Viorica Ia\u021be\u0219en<\/strong><\/p>\n\n\n\n<p>Universitatea Na\u021bional\u0103 de Arte \u201eGeorge Enescu\u201d Ia\u0219i<\/p>\n\n\n\n<p>Conf. univ. dr. <strong>Diana-Beatrice Andron<\/strong><\/p>\n\n\n\n<p>Universitatea Na\u021bional\u0103 de Arte \u201eGeorge Enescu\u201d Ia\u0219i<\/p>\n\n\n\n<p>Lector univ. dr. <strong>Mihaela-Georgiana Balan<\/strong> <\/p>\n\n\n\n<p>Universitatea Na\u021bional\u0103 de Arte \u201eGeorge Enescu\u201d Ia\u0219i<\/p>\n\n\n\n<figure class=\"wp-block-image size-large\"><a href=\"https:\/\/fmr.arteiasi.ro\/wp-content\/uploads\/2025\/10\/Afis-17-oct.-ora-9.00.-sala-Symposion-George-Pascu-whapp.jpg\"><img loading=\"lazy\" decoding=\"async\" width=\"731\" height=\"1024\" src=\"https:\/\/fmr.arteiasi.ro\/wp-content\/uploads\/2025\/10\/Afis-17-oct.-ora-9.00.-sala-Symposion-George-Pascu-whapp-731x1024.jpg\" alt=\"\" class=\"wp-image-1401\" srcset=\"https:\/\/fmr.arteiasi.ro\/wp-content\/uploads\/2025\/10\/Afis-17-oct.-ora-9.00.-sala-Symposion-George-Pascu-whapp-731x1024.jpg 731w, https:\/\/fmr.arteiasi.ro\/wp-content\/uploads\/2025\/10\/Afis-17-oct.-ora-9.00.-sala-Symposion-George-Pascu-whapp-214x300.jpg 214w, https:\/\/fmr.arteiasi.ro\/wp-content\/uploads\/2025\/10\/Afis-17-oct.-ora-9.00.-sala-Symposion-George-Pascu-whapp-768x1075.jpg 768w\" sizes=\"auto, (max-width: 731px) 100vw, 731px\" \/><\/a><\/figure>\n","protected":false},"excerpt":{"rendered":"<p>Vineri, 17 octombrie, ora 9.00 Sala Symposion \u201eGeorge Pascu\u201d, Corpul Artes Centrul de Cercetare \u201e\u0218tiin\u021ba Muzicii\u201d IOSUD UNAGE, \u0218coala Doctoral\u0103 \u2013 Domeniul Muzic\u0103 Muzicieni de ieri \u0219i de ast\u0103zi. &nbsp;&nbsp;&nbsp;&nbsp; Profiluri, sinteze COLOCVIU DE MUZIC\u0102 ROM\u00c2NEASC\u0102 (edi\u021bia a II-a)&nbsp; Comitetul \u0219tiin\u021bific: Prof. univ. dr. Laura-Otilia Vasiliu (Universitatea Na\u021bional\u0103 de Arte \u201eGeorge Enescu\u201d Ia\u0219i) Prof. univ. [&hellip;]<\/p>\n","protected":false},"author":3,"featured_media":0,"comment_status":"closed","ping_status":"open","sticky":false,"template":"","format":"standard","meta":{"footnotes":""},"categories":[80],"tags":[],"class_list":["post-1400","post","type-post","status-publish","format-standard","hentry","category-evenimente-fmr-2025"],"_links":{"self":[{"href":"https:\/\/fmr.arteiasi.ro\/index.php?rest_route=\/wp\/v2\/posts\/1400","targetHints":{"allow":["GET"]}}],"collection":[{"href":"https:\/\/fmr.arteiasi.ro\/index.php?rest_route=\/wp\/v2\/posts"}],"about":[{"href":"https:\/\/fmr.arteiasi.ro\/index.php?rest_route=\/wp\/v2\/types\/post"}],"author":[{"embeddable":true,"href":"https:\/\/fmr.arteiasi.ro\/index.php?rest_route=\/wp\/v2\/users\/3"}],"replies":[{"embeddable":true,"href":"https:\/\/fmr.arteiasi.ro\/index.php?rest_route=%2Fwp%2Fv2%2Fcomments&post=1400"}],"version-history":[{"count":1,"href":"https:\/\/fmr.arteiasi.ro\/index.php?rest_route=\/wp\/v2\/posts\/1400\/revisions"}],"predecessor-version":[{"id":1402,"href":"https:\/\/fmr.arteiasi.ro\/index.php?rest_route=\/wp\/v2\/posts\/1400\/revisions\/1402"}],"wp:attachment":[{"href":"https:\/\/fmr.arteiasi.ro\/index.php?rest_route=%2Fwp%2Fv2%2Fmedia&parent=1400"}],"wp:term":[{"taxonomy":"category","embeddable":true,"href":"https:\/\/fmr.arteiasi.ro\/index.php?rest_route=%2Fwp%2Fv2%2Fcategories&post=1400"},{"taxonomy":"post_tag","embeddable":true,"href":"https:\/\/fmr.arteiasi.ro\/index.php?rest_route=%2Fwp%2Fv2%2Ftags&post=1400"}],"curies":[{"name":"wp","href":"https:\/\/api.w.org\/{rel}","templated":true}]}}