{"id":1395,"date":"2025-10-11T15:33:52","date_gmt":"2025-10-11T12:33:52","guid":{"rendered":"https:\/\/fmr.arteiasi.ro\/?p=1395"},"modified":"2025-10-11T15:33:52","modified_gmt":"2025-10-11T12:33:52","slug":"joi-16-oct-ora-19-sala-e-caudella-casa-bals-pagini-din-creatia-camerala-enesciana-recital-vocal-instrumental","status":"publish","type":"post","link":"https:\/\/fmr.arteiasi.ro\/?p=1395","title":{"rendered":"Joi, 16 oct., ora 19 | Sala \u201eE. Caudella\u201d, Casa Bal\u0219 &#8211; Pagini din crea\u021bia cameral\u0103 enescian\u0103 | Recital vocal-instrumental"},"content":{"rendered":"\n<p>Joi, 16 octombrie, ora 19.00<\/p>\n\n\n\n<p>Sala \u201eEduard Caudella\u201d, Casa Bal\u0219<\/p>\n\n\n\n<p><strong><em>Pagini din crea\u021bia cameral\u0103 enescian\u0103<\/em><\/strong><\/p>\n\n\n\n<p>RECITAL VOCAL-INSTRUMENTAL<\/p>\n\n\n\n<p>Interpreteaz\u0103:<\/p>\n\n\n\n<p><strong>THEODORA B\u0102L\u0102NIC\u0102-CIUREZU<\/strong>, vioar\u0103<\/p>\n\n\n\n<p><strong>RALUCA DOBRE<\/strong>, vioar\u0103<\/p>\n\n\n\n<p><strong>MIHAELA PAVEL<\/strong>, pian<\/p>\n\n\n\n<p><strong>MARIA PAN\u0102<\/strong>, sopran\u0103<\/p>\n\n\n\n<p><strong>DIANA CRISTEA<\/strong>, flaut<\/p>\n\n\n\n<p>Eveniment prefa\u021bat de <strong>ELIZA GABRIELA LECA<\/strong> (Anul IV, Muzicologie)<\/p>\n\n\n\n<p>Program:<\/p>\n\n\n\n<p><em>Arii \u00een stil rom\u00e2nesc <\/em>pentru vioar\u0103 <em>solo<\/em><\/p>\n\n\n\n<p>(<strong>Theodora B\u0103l\u0103nic\u0103-Ciurezu<\/strong>)<\/p>\n\n\n\n<p><em>Balada <\/em>pentru vioar\u0103 \u0219i pian,<em> op. 4a<\/em><\/p>\n\n\n\n<p><em>Impromptu concertant <\/em>pentru vioar\u0103 \u0219i pian<\/p>\n\n\n\n<p>(<strong>Theodora B\u0103l\u0103nic\u0103-Ciurezu<\/strong>, <strong>Mihaela Pavel<\/strong>)<\/p>\n\n\n\n<p><em>\u0218apte c\u00e2ntece pe versuri de Cl\u00e9ment Marot<\/em>,<em> op. 15<\/em><\/p>\n\n\n\n<p>(<strong>Maria Pan\u0103<\/strong>, <strong>Mihaela Pavel<\/strong>)<\/p>\n\n\n\n<p><em>Adagio<\/em> din <em>Suita \u00een stil vechi<\/em>, aranjament pentru flaut \u0219i pian<\/p>\n\n\n\n<p><em>Cantabile \u0219i Presto <\/em>pentru flaut \u0219i pian<\/p>\n\n\n\n<p>(<strong>Diana Cristea<\/strong>, <strong>Mihaela Pavel<\/strong>)<\/p>\n\n\n\n<p><em>Nocturna <\/em>pentru vioar\u0103 \u0219i pian<\/p>\n\n\n\n<p><em>Legenda <\/em>pentru vioar\u0103 \u0219i pian<\/p>\n\n\n\n<p><em>Aubade <\/em>pentru vioar\u0103 \u0219i pian (<strong>Raluca Dobre<\/strong>, <strong>Mihaela Pavel<\/strong>)<\/p>\n","protected":false},"excerpt":{"rendered":"<p>Joi, 16 octombrie, ora 19.00 Sala \u201eEduard Caudella\u201d, Casa Bal\u0219 Pagini din crea\u021bia cameral\u0103 enescian\u0103 RECITAL VOCAL-INSTRUMENTAL Interpreteaz\u0103: THEODORA B\u0102L\u0102NIC\u0102-CIUREZU, vioar\u0103 RALUCA DOBRE, vioar\u0103 MIHAELA PAVEL, pian MARIA PAN\u0102, sopran\u0103 DIANA CRISTEA, flaut Eveniment prefa\u021bat de ELIZA GABRIELA LECA (Anul IV, Muzicologie) Program: Arii \u00een stil rom\u00e2nesc pentru vioar\u0103 solo (Theodora B\u0103l\u0103nic\u0103-Ciurezu) Balada pentru vioar\u0103 [&hellip;]<\/p>\n","protected":false},"author":3,"featured_media":0,"comment_status":"closed","ping_status":"open","sticky":false,"template":"","format":"standard","meta":{"footnotes":""},"categories":[80],"tags":[],"class_list":["post-1395","post","type-post","status-publish","format-standard","hentry","category-evenimente-fmr-2025"],"_links":{"self":[{"href":"https:\/\/fmr.arteiasi.ro\/index.php?rest_route=\/wp\/v2\/posts\/1395","targetHints":{"allow":["GET"]}}],"collection":[{"href":"https:\/\/fmr.arteiasi.ro\/index.php?rest_route=\/wp\/v2\/posts"}],"about":[{"href":"https:\/\/fmr.arteiasi.ro\/index.php?rest_route=\/wp\/v2\/types\/post"}],"author":[{"embeddable":true,"href":"https:\/\/fmr.arteiasi.ro\/index.php?rest_route=\/wp\/v2\/users\/3"}],"replies":[{"embeddable":true,"href":"https:\/\/fmr.arteiasi.ro\/index.php?rest_route=%2Fwp%2Fv2%2Fcomments&post=1395"}],"version-history":[{"count":1,"href":"https:\/\/fmr.arteiasi.ro\/index.php?rest_route=\/wp\/v2\/posts\/1395\/revisions"}],"predecessor-version":[{"id":1396,"href":"https:\/\/fmr.arteiasi.ro\/index.php?rest_route=\/wp\/v2\/posts\/1395\/revisions\/1396"}],"wp:attachment":[{"href":"https:\/\/fmr.arteiasi.ro\/index.php?rest_route=%2Fwp%2Fv2%2Fmedia&parent=1395"}],"wp:term":[{"taxonomy":"category","embeddable":true,"href":"https:\/\/fmr.arteiasi.ro\/index.php?rest_route=%2Fwp%2Fv2%2Fcategories&post=1395"},{"taxonomy":"post_tag","embeddable":true,"href":"https:\/\/fmr.arteiasi.ro\/index.php?rest_route=%2Fwp%2Fv2%2Ftags&post=1395"}],"curies":[{"name":"wp","href":"https:\/\/api.w.org\/{rel}","templated":true}]}}