{"id":1392,"date":"2025-10-11T15:32:59","date_gmt":"2025-10-11T12:32:59","guid":{"rendered":"https:\/\/fmr.arteiasi.ro\/?p=1392"},"modified":"2025-10-11T15:32:59","modified_gmt":"2025-10-11T12:32:59","slug":"joi-16-oct-ora-19-aula-magna-carmen-sylva-universitatea-tehnica-gh-asachi-iasi-din-lada-de-zestre-a-bucovinei-restitutio-alexandru-voevidca-co","status":"publish","type":"post","link":"https:\/\/fmr.arteiasi.ro\/?p=1392","title":{"rendered":"Joi, 16 oct., ora 19 | Aula Magna \u201eCarmen Sylva\u201d, Universitatea Tehnic\u0103 \u201eGh. Asachi\u201d, Ia\u0219i &#8211; Din lada de zestre a Bucovinei \u2013 Restitutio Alexandru Voevidca | Concert de muzic\u0103 tradi\u021bional\u0103 | Ansamblul vocal-instrumental Floralia"},"content":{"rendered":"\n<p>Joi, 16 octombrie, ora 19.00<\/p>\n\n\n\n<p>Aula Magna \u201eCarmen Sylva\u201d,<\/p>\n\n\n\n<p>Universitatea Tehnic\u0103 \u201eGheorghe Asachi\u201d, Ia\u0219i<\/p>\n\n\n\n<p><strong><em>Din lada de zestre a Bucovinei<\/em><\/strong><strong> \u2013<\/strong><\/p>\n\n\n\n<p><strong><em>Restitutio<\/em><\/strong><strong> <em>Alexandru Voevidca<\/em><\/strong><\/p>\n\n\n\n<p>CONCERT DE MUZIC\u0102 TRADI\u021aIONAL\u0102<\/p>\n\n\n\n<p><strong>Ansamblul vocal-instrumental <em>Floralia<\/em><\/strong><\/p>\n\n\n\n<p>Dirijor: <strong>IRINA ZAMFIRA D\u0102NIL\u0102<\/strong><\/p>\n\n\n\n<p>Program:<\/p>\n\n\n\n<p>1. <em>Cat la lun\u0103<\/em> (c\u00e2ntec propriu-zis \u00een stil de \u201eB\u0103tr\u00e2neasc\u0103\u201d din volumul lui <strong>Alexandru Voevidca<\/strong>, <em>C\u00e2ntece populare din Bucovina<\/em>, Bucure\u0219ti, 1990)<\/p>\n\n\n\n<p>2. <em>Frunz\u0103 verde clocotici<\/em> (c\u00e2ntec vocal de joc \u00een stil de \u201eB\u0103tr\u00e2neasc\u0103\u201d, din vol. Alexandru Voevidca, <em>Folclor muzical din Bucovina. III. C\u00e2ntecul vocal de joc<\/em>)<\/p>\n\n\n\n<p>3. <em>Ie\u0219i maicu\u021b\u0103-n deal la cruce <\/em>(c\u00e2ntec ritual de c\u0103t\u0103nie, din vol. Alexandru Voevidca, <em>Folclor muzical din Bucovina. I.<\/em>)<\/p>\n\n\n\n<p>4. <em>Hai, leli\u021b\u0103 Marghioli\u021b\u0103 <\/em>(c\u00e2ntec vocal de joc, din vol. Alexandru Voevidca, <em>Folclor muzical din Bucovina. III<\/em>)<\/p>\n\n\n\n<p>5. <em>Nani, nani, puiu mamii<\/em> (c\u00e2ntec de leag\u0103n, din vol. Florin Bucescu \u0219i Viorel B\u00e2rleanu,<em> Stilul muzical arhaic din \u021binutul R\u0103d\u0103u\u021bilor<\/em>)<\/p>\n\n\n\n<p>6. <em>Auzi, lelie Marioar\u0103 <\/em>(c\u00e2ntec vocal de joc \u00een ritm de hor\u0103 mare, boiereasc\u0103, din vol. Alexandru Voevidca, <em>Folclor muzical din Bucovina. III<\/em>)<\/p>\n\n\n\n<p>7. <em>S\u00e2rbul \u0219i s\u00e2rboaica<\/em> (\u201ejoc cu c\u00e2ntare\u201d, c\u00e2ntec de lume, <em>idem<\/em>)<\/p>\n\n\n\n<p>8. <em>Ast\u0103 hor\u0103-mi place mult <\/em>(c\u00e2ntec vocal de joc \u00een ritm de hor\u0103 mare, boiereasc\u0103, <em>idem<\/em>)<\/p>\n\n\n\n<p>9. <em>C\u00e2nd \u00ee\u021bi v\u0103d m\u0103rgeanul ro\u0219<\/em> (c\u00e2ntec de lume, <em>idem<\/em>)<\/p>\n\n\n\n<p>10. <em>Eu-s pi deal, m\u00e2ndra pi vale<\/em> (c\u00e2ntec ritual de c\u0103t\u0103nie, din vol. Alexandru Voevidca, <em>Folclor muzical din Bucovina. I<\/em>)<\/p>\n\n\n\n<p>10. <em>Haida, haida s\u0103 giuc\u0103m <\/em>(c\u00e2ntec vocal de joc \u00een stil de \u201eB\u0103tr\u00e2neasc\u0103\u201d, din vol. Alexandru Voevidca, <em>Folclor muzical din Bucovina. III<\/em>)<\/p>\n\n\n\n<p>11. <em>Ia-\u021bi, nireas\u0103 iert\u0103ciune <\/em>(c\u00e2ntec ritual la mireas\u0103, \u00een stil de \u201eB\u0103tr\u00e2neasc\u0103\u201d, din vol. F. Bucescu, V. B\u00e2rleanu, <em>Stilul muzical&#8230;<\/em>)<\/p>\n\n\n\n<p>12. <em>B\u00e2r, oi\u021b\u0103, din poian\u0103 <\/em>(c\u00e2ntec vocal de joc cu tematic\u0103 pastoral\u0103, din vol. Alexandru Voevidca, <em>Folclor muzical din Bucovina. III<\/em>)<\/p>\n\n\n\n<p>13. <em>Puica me cu br\u00e2ul lat <\/em>(c\u00e2ntec de lume, <em>idem<\/em>)<\/p>\n\n\n\n<p>14. <em>Doin\u0103 <\/em>\u0219i<em> B\u0103tut\u0103 <\/em>\u201eale lui Gheorghe Tochi\u021b\u0103\u201d din comuna Crasna, regiunea Cern\u0103u\u021bi, culeg\u0103tor \u0219i solist: Nina Munteanu <\/p>\n\n\n\n<p>15. <em>Hor\u0103<\/em> (Pojor\u00e2ta), <em>B\u0103tr\u00e2neasca<\/em> (Bilca), <em>Hu\u021bulca<\/em> (Vama), <em>Triili\u0219e\u0219tii<\/em> (Pojor\u00e2ta), <em>Arcanul <\/em>(Fr\u0103t\u0103u\u021bii Noi) \u2013 din volumul Viorel B\u00e2rleanu \u0219i Florin Bucescu,<em> Melodii instrumentale de joc din Moldova<\/em>, Editura Muzical\u0103, Bucure\u0219ti, 2021<\/p>\n\n\n\n<figure class=\"wp-block-image size-large\"><a href=\"https:\/\/fmr.arteiasi.ro\/wp-content\/uploads\/2025\/10\/Afis-16-oct.-ora-19.00-Aula-Magna-whapp.jpg\"><img loading=\"lazy\" decoding=\"async\" width=\"731\" height=\"1024\" src=\"https:\/\/fmr.arteiasi.ro\/wp-content\/uploads\/2025\/10\/Afis-16-oct.-ora-19.00-Aula-Magna-whapp-731x1024.jpg\" alt=\"\" class=\"wp-image-1393\" srcset=\"https:\/\/fmr.arteiasi.ro\/wp-content\/uploads\/2025\/10\/Afis-16-oct.-ora-19.00-Aula-Magna-whapp-731x1024.jpg 731w, https:\/\/fmr.arteiasi.ro\/wp-content\/uploads\/2025\/10\/Afis-16-oct.-ora-19.00-Aula-Magna-whapp-214x300.jpg 214w, https:\/\/fmr.arteiasi.ro\/wp-content\/uploads\/2025\/10\/Afis-16-oct.-ora-19.00-Aula-Magna-whapp-768x1075.jpg 768w\" sizes=\"auto, (max-width: 731px) 100vw, 731px\" \/><\/a><\/figure>\n","protected":false},"excerpt":{"rendered":"<p>Joi, 16 octombrie, ora 19.00 Aula Magna \u201eCarmen Sylva\u201d, Universitatea Tehnic\u0103 \u201eGheorghe Asachi\u201d, Ia\u0219i Din lada de zestre a Bucovinei \u2013 Restitutio Alexandru Voevidca CONCERT DE MUZIC\u0102 TRADI\u021aIONAL\u0102 Ansamblul vocal-instrumental Floralia Dirijor: IRINA ZAMFIRA D\u0102NIL\u0102 Program: 1. Cat la lun\u0103 (c\u00e2ntec propriu-zis \u00een stil de \u201eB\u0103tr\u00e2neasc\u0103\u201d din volumul lui Alexandru Voevidca, C\u00e2ntece populare din Bucovina, [&hellip;]<\/p>\n","protected":false},"author":3,"featured_media":0,"comment_status":"closed","ping_status":"open","sticky":false,"template":"","format":"standard","meta":{"footnotes":""},"categories":[80],"tags":[],"class_list":["post-1392","post","type-post","status-publish","format-standard","hentry","category-evenimente-fmr-2025"],"_links":{"self":[{"href":"https:\/\/fmr.arteiasi.ro\/index.php?rest_route=\/wp\/v2\/posts\/1392","targetHints":{"allow":["GET"]}}],"collection":[{"href":"https:\/\/fmr.arteiasi.ro\/index.php?rest_route=\/wp\/v2\/posts"}],"about":[{"href":"https:\/\/fmr.arteiasi.ro\/index.php?rest_route=\/wp\/v2\/types\/post"}],"author":[{"embeddable":true,"href":"https:\/\/fmr.arteiasi.ro\/index.php?rest_route=\/wp\/v2\/users\/3"}],"replies":[{"embeddable":true,"href":"https:\/\/fmr.arteiasi.ro\/index.php?rest_route=%2Fwp%2Fv2%2Fcomments&post=1392"}],"version-history":[{"count":1,"href":"https:\/\/fmr.arteiasi.ro\/index.php?rest_route=\/wp\/v2\/posts\/1392\/revisions"}],"predecessor-version":[{"id":1394,"href":"https:\/\/fmr.arteiasi.ro\/index.php?rest_route=\/wp\/v2\/posts\/1392\/revisions\/1394"}],"wp:attachment":[{"href":"https:\/\/fmr.arteiasi.ro\/index.php?rest_route=%2Fwp%2Fv2%2Fmedia&parent=1392"}],"wp:term":[{"taxonomy":"category","embeddable":true,"href":"https:\/\/fmr.arteiasi.ro\/index.php?rest_route=%2Fwp%2Fv2%2Fcategories&post=1392"},{"taxonomy":"post_tag","embeddable":true,"href":"https:\/\/fmr.arteiasi.ro\/index.php?rest_route=%2Fwp%2Fv2%2Ftags&post=1392"}],"curies":[{"name":"wp","href":"https:\/\/api.w.org\/{rel}","templated":true}]}}