{"id":1384,"date":"2025-10-11T15:29:16","date_gmt":"2025-10-11T12:29:16","guid":{"rendered":"https:\/\/fmr.arteiasi.ro\/?p=1384"},"modified":"2025-10-11T15:29:16","modified_gmt":"2025-10-11T12:29:16","slug":"joi-16-oct-ora-17-sala-e-caudella-casa-bals-in-memoriam-silvius-varvaroi-recital-instrumental","status":"publish","type":"post","link":"https:\/\/fmr.arteiasi.ro\/?p=1384","title":{"rendered":"Joi, 16 oct., ora 17 | Sala \u201eE. Caudella\u201d, Casa Bal\u0219 &#8211; In memoriam Silvius Varvaroi | Recital instrumental"},"content":{"rendered":"\n<p>Joi, 16 octombrie, ora 17.00<\/p>\n\n\n\n<p>Sala \u201eEduard Caudella Diaconu\u201d, Casa Bal\u0219<\/p>\n\n\n\n<p><strong><em>In memoriam Silvius Varvaroi<\/em><\/strong><strong><em><\/em><\/strong><\/p>\n\n\n\n<p>RECITAL INSTRUMENTAL<\/p>\n\n\n\n<p>Coordonator: <strong>VIRGIL FLORIN PRISACARIU<\/strong>, contrabas<\/p>\n\n\n\n<p>La pian: <strong>STELIA-DIANA CIORNEI<\/strong><\/p>\n\n\n\n<p>Interpreteaz\u0103:<\/p>\n\n\n\n<p><strong>ANDREI ANTON<\/strong> (contrabas) \u2013 anul I<\/p>\n\n\n\n<p><strong>LUCIAN AVORNICESEI<\/strong> (contrabas) \u2013 anul I<\/p>\n\n\n\n<p><strong>GEORGE<\/strong><strong> <\/strong><strong>VATAMANU<\/strong> (contrabas) \u2013 anul II<\/p>\n\n\n\n<p><strong>IONU\u021a GAVRILOVICI<\/strong> (contrabas) \u2013 anul IV<\/p>\n\n\n\n<p><strong>REBECA GHERC\u0102<\/strong> (violoncel) \u2013 anul IV<\/p>\n\n\n\n<p><strong>MAIA HRI\u021aCU<\/strong> (pian) \u2013 anul IV<\/p>\n\n\n\n<p><strong>ALEX ROMAN<\/strong> (pian) \u2013 anul IV<\/p>\n\n\n\n<p><strong>KARINA POP<\/strong> (vioar\u0103) \u2013 Master, anul I<\/p>\n\n\n\n<p><strong>ANDREI J\u00ceJ\u00ceIE<\/strong> (contrabas) \u2013 Master, anul I<\/p>\n\n\n\n<p>Invita\u021bi:<\/p>\n\n\n\n<p><strong>TUDOR BOGDAN BOLNAVU<\/strong> (vioar\u0103)<\/p>\n\n\n\n<p><strong>SEBASTIAN<\/strong> <strong>ORZAN-DRAGO\u0218 <\/strong>(vioar\u0103)<\/p>\n\n\n\n<p><strong>BOGDAN ONOFREI<\/strong> (vioar\u0103)<\/p>\n\n\n\n<p><strong>DORU MIHAI COST\u0102CHESCU <\/strong>(viol\u0103)<strong><\/strong><\/p>\n\n\n\n<p><strong>ANDREEA PRISACARIU<\/strong> (viol\u0103)<\/p>\n\n\n\n<p><strong>NICOLETA SAMATARU<\/strong> (violoncel)<\/p>\n\n\n\n<p><strong>MIRCEA B\u00c2RZU<\/strong> (contrabas)<\/p>\n\n\n\n<p><strong>RADU MURGOCI<\/strong> (contrabas)<\/p>\n\n\n\n<p><strong>IOAN MANTU<\/strong> (contrabas)<\/p>\n\n\n\n<p><strong>CONSTANTIN B\u00ceZG\u0102<\/strong> (contrabas)<\/p>\n\n\n\n<p>Program:<\/p>\n\n\n\n<p><strong>Constantin Dimitrescu<\/strong> \u2013 <em>Serenada Romana<\/em><\/p>\n\n\n\n<p><strong>Rebeca Gherc\u0103<\/strong> (violoncel) \u0219i <strong>Maia Hri\u021bcu<\/strong> (pian)<\/p>\n\n\n\n<p><strong>George Enescu<\/strong> \u2013 <em>Serenada lontaine<\/em><\/p>\n\n\n\n<p><strong><em>Alma Libera Trio<\/em><\/strong>: Karina Pop (vioar\u0103), Rebeca Gherc\u0103 (violoncel) \u0219i Maia Hri\u021bcu (pian)<\/p>\n\n\n\n<p><strong>\u0218tefan Lory<\/strong> \u2013 <em>Aria<\/em> \u0219i <em>Toccata<\/em><\/p>\n\n\n\n<p><strong>Ionu\u021b Gavrilovici<\/strong> (contrabas) \u0219i <strong>Alex Roman<\/strong> (pian)<\/p>\n\n\n\n<p><strong>Ioan Prelipcean<\/strong> \u2013 <em>Varia\u021biuni pe o tem\u0103 de Anton Pann<\/em><\/p>\n\n\n\n<p><strong>George Vatamanu<\/strong> \u0219i <strong>Stelia-Diana Ciornei<\/strong> (pian)<\/p>\n\n\n\n<p><strong>Ciprian Porumbescu<\/strong> \u2013 <em>Dorul<\/em> pentru contrabas \u0219i pian (transcrip\u021bie de Silvius Varvaroi)<\/p>\n\n\n\n<p><strong>Andrei J\u00eej\u00eeie<\/strong> (contrabas) \u0219i <strong>Stelia-Diana Ciornei<\/strong> (pian)<\/p>\n\n\n\n<p><strong>Paul Constantinescu<\/strong> \u2013 <em>C\u00e2ntec vechi<\/em> pentru contrabas \u0219i pian (transcrip\u021bie de Silvius Varvaroi)<\/p>\n\n\n\n<p><strong>Vasile Marian<\/strong> \u2013 <em>Poveste<\/em> pentru contrabas \u0219i pian<\/p>\n\n\n\n<p><strong>Virgil Florin Prisacariu<\/strong> (contrabas) \u0219i <strong>Stelia-Diana Ciornei<\/strong> (pian)<br><br><strong>Ciprian Porumbescu<\/strong> \u2013 <em>Balada<\/em> pentru contrabas \u0219i pian (transcrip\u021bie de Silvius Varvaroi)<\/p>\n\n\n\n<p><strong>Mircea B\u00e2rzu<\/strong> (contrabas) \u0219i <strong>Stelia-Diana Ciornei<\/strong> (pian)<br><br><strong>Constantin Dimitrescu<\/strong> \u2013 <em>Dans \u021b\u0103r\u0103nesc<\/em><\/p>\n\n\n\n<p><strong><em>BassIs Quartet<\/em><\/strong> (Andrei J\u00eej\u00eeie, Ionu\u021b Gavrilovici, George Vatamanu \u0219i Virgil Florin Prisacariu)<\/p>\n\n\n\n<p><strong>B\u00e9la Bart\u00f3k<\/strong> <strong>(<\/strong>ar. <strong>Daisuke Soga<\/strong><strong>)<\/strong> \u2013 <em>C\u00e2ntece populare rom\u00e2ne\u0219ti<\/em><\/p>\n\n\n\n<p><strong><em>BassIs Ensemble<\/em><\/strong> (<em>Soli<\/em>: Ionu\u021b Gavrilovici, Andrei J\u00eej\u00eeie; <em>Ensemble<\/em>: Virgil Florin Prisacariu, George Vatamanu, Mircea B\u00e2rzu, Radu Murgoci, Constantin B\u00eezg\u0103, Andrei Anton, Ioan Mantu, Lucian Avornicesei) <\/p>\n\n\n\n<p><strong>B\u00e9la Bart\u00f3k<\/strong> \u2013 <em>\u0218ase dansuri rom\u00e2ne\u0219ti<\/em> <strong><em><\/em><\/strong><\/p>\n\n\n\n<p><strong><em>Sonos Alumni Ensemble<\/em><\/strong><strong><\/strong><\/p>\n\n\n\n<p><strong><em>Sonos Alumni Ensemble<\/em><\/strong>:<strong><\/strong><\/p>\n\n\n\n<p><strong>Vioara I<\/strong><\/p>\n\n\n\n<p><strong>Tudor Bogdan Bolnavu<\/strong><\/p>\n\n\n\n<p><strong>Sebastian Orzan Drago\u0219<\/strong><\/p>\n\n\n\n<p><strong>Vioara II<\/strong><\/p>\n\n\n\n<p><strong>Bogdan Onofrei<\/strong><\/p>\n\n\n\n<p><strong>Karina Pop<\/strong><\/p>\n\n\n\n<p><strong>Viola<\/strong><\/p>\n\n\n\n<p><strong>Mihai Doru Cost\u0103chescu<\/strong><\/p>\n\n\n\n<p><strong>Andreea Prisacariu<\/strong><\/p>\n\n\n\n<p><strong>Violoncel<\/strong><\/p>\n\n\n\n<p><strong>Nicoleta Samataru<\/strong><\/p>\n\n\n\n<p><strong>Rebeca Gherc\u0103<\/strong><\/p>\n\n\n\n<p><strong>Contrabas<\/strong><\/p>\n\n\n\n<p><strong>Virgil Florin Prisacariu<\/strong><\/p>\n\n\n\n<p><strong>Andrei J\u00eej\u00eeie<\/strong><\/p>\n\n\n\n<figure class=\"wp-block-image size-large\"><a href=\"https:\/\/fmr.arteiasi.ro\/wp-content\/uploads\/2025\/10\/Afis-16-oct.-ora-17.00.-sala-Caudella-whapp.jpg\"><img loading=\"lazy\" decoding=\"async\" width=\"731\" height=\"1024\" src=\"https:\/\/fmr.arteiasi.ro\/wp-content\/uploads\/2025\/10\/Afis-16-oct.-ora-17.00.-sala-Caudella-whapp-731x1024.jpg\" alt=\"\" class=\"wp-image-1385\" srcset=\"https:\/\/fmr.arteiasi.ro\/wp-content\/uploads\/2025\/10\/Afis-16-oct.-ora-17.00.-sala-Caudella-whapp-731x1024.jpg 731w, https:\/\/fmr.arteiasi.ro\/wp-content\/uploads\/2025\/10\/Afis-16-oct.-ora-17.00.-sala-Caudella-whapp-214x300.jpg 214w, https:\/\/fmr.arteiasi.ro\/wp-content\/uploads\/2025\/10\/Afis-16-oct.-ora-17.00.-sala-Caudella-whapp-768x1075.jpg 768w\" sizes=\"auto, (max-width: 731px) 100vw, 731px\" \/><\/a><\/figure>\n","protected":false},"excerpt":{"rendered":"<p>Joi, 16 octombrie, ora 17.00 Sala \u201eEduard Caudella Diaconu\u201d, Casa Bal\u0219 In memoriam Silvius Varvaroi RECITAL INSTRUMENTAL Coordonator: VIRGIL FLORIN PRISACARIU, contrabas La pian: STELIA-DIANA CIORNEI Interpreteaz\u0103: ANDREI ANTON (contrabas) \u2013 anul I LUCIAN AVORNICESEI (contrabas) \u2013 anul I GEORGE VATAMANU (contrabas) \u2013 anul II IONU\u021a GAVRILOVICI (contrabas) \u2013 anul IV REBECA GHERC\u0102 (violoncel) \u2013 [&hellip;]<\/p>\n","protected":false},"author":3,"featured_media":0,"comment_status":"closed","ping_status":"open","sticky":false,"template":"","format":"standard","meta":{"footnotes":""},"categories":[80],"tags":[],"class_list":["post-1384","post","type-post","status-publish","format-standard","hentry","category-evenimente-fmr-2025"],"_links":{"self":[{"href":"https:\/\/fmr.arteiasi.ro\/index.php?rest_route=\/wp\/v2\/posts\/1384","targetHints":{"allow":["GET"]}}],"collection":[{"href":"https:\/\/fmr.arteiasi.ro\/index.php?rest_route=\/wp\/v2\/posts"}],"about":[{"href":"https:\/\/fmr.arteiasi.ro\/index.php?rest_route=\/wp\/v2\/types\/post"}],"author":[{"embeddable":true,"href":"https:\/\/fmr.arteiasi.ro\/index.php?rest_route=\/wp\/v2\/users\/3"}],"replies":[{"embeddable":true,"href":"https:\/\/fmr.arteiasi.ro\/index.php?rest_route=%2Fwp%2Fv2%2Fcomments&post=1384"}],"version-history":[{"count":1,"href":"https:\/\/fmr.arteiasi.ro\/index.php?rest_route=\/wp\/v2\/posts\/1384\/revisions"}],"predecessor-version":[{"id":1386,"href":"https:\/\/fmr.arteiasi.ro\/index.php?rest_route=\/wp\/v2\/posts\/1384\/revisions\/1386"}],"wp:attachment":[{"href":"https:\/\/fmr.arteiasi.ro\/index.php?rest_route=%2Fwp%2Fv2%2Fmedia&parent=1384"}],"wp:term":[{"taxonomy":"category","embeddable":true,"href":"https:\/\/fmr.arteiasi.ro\/index.php?rest_route=%2Fwp%2Fv2%2Fcategories&post=1384"},{"taxonomy":"post_tag","embeddable":true,"href":"https:\/\/fmr.arteiasi.ro\/index.php?rest_route=%2Fwp%2Fv2%2Ftags&post=1384"}],"curies":[{"name":"wp","href":"https:\/\/api.w.org\/{rel}","templated":true}]}}