{"id":1381,"date":"2025-10-11T15:25:20","date_gmt":"2025-10-11T12:25:20","guid":{"rendered":"https:\/\/fmr.arteiasi.ro\/?p=1381"},"modified":"2025-10-11T15:25:20","modified_gmt":"2025-10-11T12:25:20","slug":"joi-16-oct-ora-13-sala-e-caudella-casa-bals-mozaic-componistic-iesean-concert-cameral","status":"publish","type":"post","link":"https:\/\/fmr.arteiasi.ro\/?p=1381","title":{"rendered":"Joi, 16 oct., ora 13 | Sala \u201eE. Caudella\u201d, Casa Bal\u0219 &#8211; Mozaic componistic ie\u0219ean | Concert cameral"},"content":{"rendered":"\n<p>Joi, 16 octombrie, ora 13.00<\/p>\n\n\n\n<p>Sala \u201eEduard Caudella\u201d, Casa Bal\u0219<\/p>\n\n\n\n<p><strong><em>Mozaic componistic ie\u0219ean<\/em><\/strong><strong><em><\/em><\/strong><\/p>\n\n\n\n<p>CONCERT CAMERAL<\/p>\n\n\n\n<p>Interpreteaz\u0103:<\/p>\n\n\n\n<p><strong>OANA SEVERIN<\/strong>, sopran\u0103<\/p>\n\n\n\n<p><strong>CEZARA PETRESCU<\/strong>, pian<\/p>\n\n\n\n<p><strong>OANA C\u0102RBUNARIU<\/strong>, pian<\/p>\n\n\n\n<p><strong>FLORIN \u021a\u00ceRLEA<\/strong>, flaut<\/p>\n\n\n\n<p><strong>ZAHARIA HOJBOT\u0102<\/strong>, clarinet<\/p>\n\n\n\n<p><strong>CONSTANTIN STAVRAT<\/strong>, percu\u021bie<\/p>\n\n\n\n<p>Eveniment prefa\u021bat de<\/p>\n\n\n\n<p>muzicolog dr. <strong>DIANA-BEATRICE ANDRON<\/strong><\/p>\n\n\n\n<p>Program:<\/p>\n\n\n\n<p><strong>Vasile Sp\u0103t\u0103relu<\/strong> \u2013 <em>Tat\u0103l nostru<\/em>, pentru sopran\u0103 \u0219i vibrafon<\/p>\n\n\n\n<p><strong>&nbsp;&nbsp;&nbsp;&nbsp;&nbsp;&nbsp;&nbsp;&nbsp;&nbsp;&nbsp;&nbsp;&nbsp;&nbsp;&nbsp;&nbsp;&nbsp;&nbsp;&nbsp;&nbsp;&nbsp;&nbsp;&nbsp;&nbsp;&nbsp;&nbsp;&nbsp;&nbsp;&nbsp; <\/strong>\u2013 <em>Joc de sear\u0103<\/em>, pentru sopran\u0103 \u0219i pian<\/p>\n\n\n\n<p><strong>&nbsp;&nbsp;&nbsp;&nbsp;&nbsp;&nbsp;&nbsp;&nbsp;&nbsp;&nbsp;&nbsp;&nbsp;&nbsp;&nbsp;&nbsp;&nbsp;&nbsp;&nbsp;&nbsp;&nbsp;&nbsp;&nbsp;&nbsp;&nbsp;&nbsp;&nbsp;&nbsp;&nbsp; <\/strong>\u2013 <em>Scurt\u0103 balad\u0103<\/em>, pentru sopran\u0103 \u0219i pian<\/p>\n\n\n\n<p><strong>\u00a0\u00a0\u00a0\u00a0\u00a0\u00a0\u00a0\u00a0\u00a0\u00a0\u00a0\u00a0\u00a0\u00a0\u00a0\u00a0\u00a0\u00a0\u00a0\u00a0\u00a0\u00a0\u00a0\u00a0\u00a0\u00a0\u00a0\u00a0 <\/strong>\u2013 <em>E numele t\u0103u<\/em>, pentru sopran\u0103, clarinet \u0219i pian, din ciclul <em>Thalassa<\/em><\/p>\n\n\n\n<p><strong>Viorel Munteanu<\/strong> \u2013 <em>Ecouri din transposibil<\/em>, patru lieduri\u00a0pentru sopran\u0103, pian \u015fi flaut<\/p>\n\n\n\n<p><strong>Cristian Misievici<\/strong> \u2013 <em>Elegie pentru Luli<\/em>, pentru pian <em>solo<\/em><\/p>\n\n\n\n<p><strong>Cristian Misievici<\/strong> \u2013 <em>Lamento<\/em>, pentru pian <em>solo<\/em><\/p>\n\n\n\n<p>\u2013 <em>\u201eM\u0103\u0219ti\u201d<\/em>, <em>dou\u0103 studii de expresie\u00a0asupra lui sol<\/em>, pentru clarinet \u0219i pian<\/p>\n\n\n\n<p><strong>Sabin Pautza<\/strong> \u2013 <em>Vir\u00e9es d\u2019humeur<\/em>, microcantat\u0103 pentru voce medie \u0219i pian<\/p>\n\n\n\n<p><strong>Achim Stoia<\/strong> \u2013 <em>R\u0103u \u00eemi pare dup\u0103 lume<\/em><\/p>\n\n\n\n<p>\u2013 <em>Inscrip\u021bie<\/em><\/p>\n\n\n\n<p>\u2013 <em>M\u00e2ndruli\u021b\u0103, noapte bun\u0103<\/em><\/p>\n\n\n\n<figure class=\"wp-block-image size-large\"><a href=\"https:\/\/fmr.arteiasi.ro\/wp-content\/uploads\/2025\/10\/Afis-16-oct.-ora-13.00.-sala-Caudella-whapp.jpg\"><img loading=\"lazy\" decoding=\"async\" width=\"731\" height=\"1024\" src=\"https:\/\/fmr.arteiasi.ro\/wp-content\/uploads\/2025\/10\/Afis-16-oct.-ora-13.00.-sala-Caudella-whapp-731x1024.jpg\" alt=\"\" class=\"wp-image-1382\" srcset=\"https:\/\/fmr.arteiasi.ro\/wp-content\/uploads\/2025\/10\/Afis-16-oct.-ora-13.00.-sala-Caudella-whapp-731x1024.jpg 731w, https:\/\/fmr.arteiasi.ro\/wp-content\/uploads\/2025\/10\/Afis-16-oct.-ora-13.00.-sala-Caudella-whapp-214x300.jpg 214w, https:\/\/fmr.arteiasi.ro\/wp-content\/uploads\/2025\/10\/Afis-16-oct.-ora-13.00.-sala-Caudella-whapp-768x1075.jpg 768w\" sizes=\"auto, (max-width: 731px) 100vw, 731px\" \/><\/a><\/figure>\n","protected":false},"excerpt":{"rendered":"<p>Joi, 16 octombrie, ora 13.00 Sala \u201eEduard Caudella\u201d, Casa Bal\u0219 Mozaic componistic ie\u0219ean CONCERT CAMERAL Interpreteaz\u0103: OANA SEVERIN, sopran\u0103 CEZARA PETRESCU, pian OANA C\u0102RBUNARIU, pian FLORIN \u021a\u00ceRLEA, flaut ZAHARIA HOJBOT\u0102, clarinet CONSTANTIN STAVRAT, percu\u021bie Eveniment prefa\u021bat de muzicolog dr. DIANA-BEATRICE ANDRON Program: Vasile Sp\u0103t\u0103relu \u2013 Tat\u0103l nostru, pentru sopran\u0103 \u0219i vibrafon &nbsp;&nbsp;&nbsp;&nbsp;&nbsp;&nbsp;&nbsp;&nbsp;&nbsp;&nbsp;&nbsp;&nbsp;&nbsp;&nbsp;&nbsp;&nbsp;&nbsp;&nbsp;&nbsp;&nbsp;&nbsp;&nbsp;&nbsp;&nbsp;&nbsp;&nbsp;&nbsp;&nbsp; \u2013 Joc de [&hellip;]<\/p>\n","protected":false},"author":3,"featured_media":0,"comment_status":"closed","ping_status":"open","sticky":false,"template":"","format":"standard","meta":{"footnotes":""},"categories":[80],"tags":[],"class_list":["post-1381","post","type-post","status-publish","format-standard","hentry","category-evenimente-fmr-2025"],"_links":{"self":[{"href":"https:\/\/fmr.arteiasi.ro\/index.php?rest_route=\/wp\/v2\/posts\/1381","targetHints":{"allow":["GET"]}}],"collection":[{"href":"https:\/\/fmr.arteiasi.ro\/index.php?rest_route=\/wp\/v2\/posts"}],"about":[{"href":"https:\/\/fmr.arteiasi.ro\/index.php?rest_route=\/wp\/v2\/types\/post"}],"author":[{"embeddable":true,"href":"https:\/\/fmr.arteiasi.ro\/index.php?rest_route=\/wp\/v2\/users\/3"}],"replies":[{"embeddable":true,"href":"https:\/\/fmr.arteiasi.ro\/index.php?rest_route=%2Fwp%2Fv2%2Fcomments&post=1381"}],"version-history":[{"count":1,"href":"https:\/\/fmr.arteiasi.ro\/index.php?rest_route=\/wp\/v2\/posts\/1381\/revisions"}],"predecessor-version":[{"id":1383,"href":"https:\/\/fmr.arteiasi.ro\/index.php?rest_route=\/wp\/v2\/posts\/1381\/revisions\/1383"}],"wp:attachment":[{"href":"https:\/\/fmr.arteiasi.ro\/index.php?rest_route=%2Fwp%2Fv2%2Fmedia&parent=1381"}],"wp:term":[{"taxonomy":"category","embeddable":true,"href":"https:\/\/fmr.arteiasi.ro\/index.php?rest_route=%2Fwp%2Fv2%2Fcategories&post=1381"},{"taxonomy":"post_tag","embeddable":true,"href":"https:\/\/fmr.arteiasi.ro\/index.php?rest_route=%2Fwp%2Fv2%2Ftags&post=1381"}],"curies":[{"name":"wp","href":"https:\/\/api.w.org\/{rel}","templated":true}]}}