{"id":1378,"date":"2025-10-11T15:23:19","date_gmt":"2025-10-11T12:23:19","guid":{"rendered":"https:\/\/fmr.arteiasi.ro\/?p=1378"},"modified":"2025-10-11T15:23:19","modified_gmt":"2025-10-11T12:23:19","slug":"joi-16-oct-ora-12-sala-studio-anton-diaconu-corpul-artes-compozitorul-george-grigoriu-destin-creatie-punte-peste-timp-recital-si-atelier-de-practica-vocala","status":"publish","type":"post","link":"https:\/\/fmr.arteiasi.ro\/?p=1378","title":{"rendered":"Joi, 16 oct., ora 12 | Sala Studio \u201eAnton Diaconu\u201d, Corpul Artes &#8211; Compozitorul George Grigoriu \u2013 Destin, crea\u021bie, punte peste timp | Recital \u0219i atelier de practic\u0103 vocal\u0103"},"content":{"rendered":"\n<p>Joi, 16 octombrie, ora 12.00<\/p>\n\n\n\n<p>Sala Studio \u201eAnton Diaconu\u201d, Corpul Artes<\/p>\n\n\n\n<p><strong><em>Compozitorul George Grigoriu \u2013<\/em><\/strong><\/p>\n\n\n\n<p><strong><em>Destin, crea\u021bie, punte peste timp<\/em><\/strong><strong><em><\/em><\/strong><\/p>\n\n\n\n<p>RECITAL &amp; ATELIER DE PRACTIC\u0102 VOCAL\u0102<\/p>\n\n\n\n<p>Coordonator: <strong>MIHAELA G\u00c2RLEA<\/strong> <\/p>\n\n\n\n<p>Particip\u0103 profesori \u0219i studen\u021bi ai UNAGE Ia\u0219i<\/p>\n\n\n\n<figure class=\"wp-block-image size-large\"><a href=\"https:\/\/fmr.arteiasi.ro\/wp-content\/uploads\/2025\/10\/Afis-16-oct.-ora-12.00.-sala-Studio-Anton-Diaconu-whapp.jpg\"><img loading=\"lazy\" decoding=\"async\" width=\"731\" height=\"1024\" src=\"https:\/\/fmr.arteiasi.ro\/wp-content\/uploads\/2025\/10\/Afis-16-oct.-ora-12.00.-sala-Studio-Anton-Diaconu-whapp-731x1024.jpg\" alt=\"\" class=\"wp-image-1379\" srcset=\"https:\/\/fmr.arteiasi.ro\/wp-content\/uploads\/2025\/10\/Afis-16-oct.-ora-12.00.-sala-Studio-Anton-Diaconu-whapp-731x1024.jpg 731w, https:\/\/fmr.arteiasi.ro\/wp-content\/uploads\/2025\/10\/Afis-16-oct.-ora-12.00.-sala-Studio-Anton-Diaconu-whapp-214x300.jpg 214w, https:\/\/fmr.arteiasi.ro\/wp-content\/uploads\/2025\/10\/Afis-16-oct.-ora-12.00.-sala-Studio-Anton-Diaconu-whapp-768x1075.jpg 768w\" sizes=\"auto, (max-width: 731px) 100vw, 731px\" \/><\/a><\/figure>\n","protected":false},"excerpt":{"rendered":"<p>Joi, 16 octombrie, ora 12.00 Sala Studio \u201eAnton Diaconu\u201d, Corpul Artes Compozitorul George Grigoriu \u2013 Destin, crea\u021bie, punte peste timp RECITAL &amp; ATELIER DE PRACTIC\u0102 VOCAL\u0102 Coordonator: MIHAELA G\u00c2RLEA Particip\u0103 profesori \u0219i studen\u021bi ai UNAGE Ia\u0219i<\/p>\n","protected":false},"author":3,"featured_media":0,"comment_status":"closed","ping_status":"open","sticky":false,"template":"","format":"standard","meta":{"footnotes":""},"categories":[80],"tags":[],"class_list":["post-1378","post","type-post","status-publish","format-standard","hentry","category-evenimente-fmr-2025"],"_links":{"self":[{"href":"https:\/\/fmr.arteiasi.ro\/index.php?rest_route=\/wp\/v2\/posts\/1378","targetHints":{"allow":["GET"]}}],"collection":[{"href":"https:\/\/fmr.arteiasi.ro\/index.php?rest_route=\/wp\/v2\/posts"}],"about":[{"href":"https:\/\/fmr.arteiasi.ro\/index.php?rest_route=\/wp\/v2\/types\/post"}],"author":[{"embeddable":true,"href":"https:\/\/fmr.arteiasi.ro\/index.php?rest_route=\/wp\/v2\/users\/3"}],"replies":[{"embeddable":true,"href":"https:\/\/fmr.arteiasi.ro\/index.php?rest_route=%2Fwp%2Fv2%2Fcomments&post=1378"}],"version-history":[{"count":1,"href":"https:\/\/fmr.arteiasi.ro\/index.php?rest_route=\/wp\/v2\/posts\/1378\/revisions"}],"predecessor-version":[{"id":1380,"href":"https:\/\/fmr.arteiasi.ro\/index.php?rest_route=\/wp\/v2\/posts\/1378\/revisions\/1380"}],"wp:attachment":[{"href":"https:\/\/fmr.arteiasi.ro\/index.php?rest_route=%2Fwp%2Fv2%2Fmedia&parent=1378"}],"wp:term":[{"taxonomy":"category","embeddable":true,"href":"https:\/\/fmr.arteiasi.ro\/index.php?rest_route=%2Fwp%2Fv2%2Fcategories&post=1378"},{"taxonomy":"post_tag","embeddable":true,"href":"https:\/\/fmr.arteiasi.ro\/index.php?rest_route=%2Fwp%2Fv2%2Ftags&post=1378"}],"curies":[{"name":"wp","href":"https:\/\/api.w.org\/{rel}","templated":true}]}}