{"id":1372,"date":"2025-10-11T15:20:54","date_gmt":"2025-10-11T12:20:54","guid":{"rendered":"https:\/\/fmr.arteiasi.ro\/?p=1372"},"modified":"2025-10-11T15:20:54","modified_gmt":"2025-10-11T12:20:54","slug":"miercuri-15-oct-ora-19-sala-studio-anton-diaconu-corpul-artes-fata-in-fata-dinu-lipatti-filip-lazar-recital-de-concerte-pentru-2-piane","status":"publish","type":"post","link":"https:\/\/fmr.arteiasi.ro\/?p=1372","title":{"rendered":"Miercuri, 15 oct., ora 19 | Sala Studio \u201eAnton Diaconu\u201d, Corpul Artes &#8211; Fa\u021b\u0103 \u00een fa\u021b\u0103: Dinu Lipatti \u2013 Filip Laz\u0103r | Recital de concerte pentru 2 piane"},"content":{"rendered":"\n<p>Miercuri, 15 octombrie, ora 19.00<\/p>\n\n\n\n<p>Sala Studio \u201eAnton Diaconu\u201d, Corpul Artes<\/p>\n\n\n\n<p><strong><em>Fa\u021b\u0103 \u00een fa\u021b\u0103: Dinu Lipatti \u2013 Filip Laz\u0103r<\/em><\/strong><strong><em><\/em><\/strong><\/p>\n\n\n\n<p>RECITAL DE CONCERTE PENTRU DOU\u0102 PIANE<\/p>\n\n\n\n<p>Interpreteaz\u0103:<\/p>\n\n\n\n<p><strong>VIORELA CIUCUR<\/strong>, pian (UNMB)<\/p>\n\n\n\n<p><strong>CRISTINA G\u00c2RBEA<\/strong>, pian (UNMB)<\/p>\n\n\n\n<p>Eveniment prefa\u021bat de muzicolog dr. <strong>LIGIA F\u0102RC\u0102\u0218EL<\/strong> (cercet\u0103tor ICMA-UNAGE)<\/p>\n\n\n\n<p>Program:<\/p>\n\n\n\n<p><strong>Filip Laz\u0103r<\/strong> \u2013 <em>Concertul nr. 2<\/em> <em>pentru pian \u0219i orchestr\u0103 mic\u0103<\/em>, <em>op. 19<\/em> (1931)<\/p>\n\n\n\n<p><strong>Dinu Lipatti <\/strong>\u2013 <em>Concertino \u00een stil clasic<\/em> <em>pentru pian \u0219i orchestr\u0103 de camer\u0103<\/em>, <em>op. 3<\/em> (1936)<\/p>\n\n\n\n<p><strong>Dinu Lipatti<\/strong> \u2013 <em>Dansuri rom\u00e2ne\u0219tipentru dou\u0103 piane<\/em> (1943)<\/p>\n\n\n\n<figure class=\"wp-block-image size-large\"><a href=\"https:\/\/fmr.arteiasi.ro\/wp-content\/uploads\/2025\/10\/Afis-15-oct.-ora-19.00.-sala-Studio-Anton-Diaconu-whapp.jpg\"><img loading=\"lazy\" decoding=\"async\" width=\"731\" height=\"1024\" src=\"https:\/\/fmr.arteiasi.ro\/wp-content\/uploads\/2025\/10\/Afis-15-oct.-ora-19.00.-sala-Studio-Anton-Diaconu-whapp-731x1024.jpg\" alt=\"\" class=\"wp-image-1373\" srcset=\"https:\/\/fmr.arteiasi.ro\/wp-content\/uploads\/2025\/10\/Afis-15-oct.-ora-19.00.-sala-Studio-Anton-Diaconu-whapp-731x1024.jpg 731w, https:\/\/fmr.arteiasi.ro\/wp-content\/uploads\/2025\/10\/Afis-15-oct.-ora-19.00.-sala-Studio-Anton-Diaconu-whapp-214x300.jpg 214w, https:\/\/fmr.arteiasi.ro\/wp-content\/uploads\/2025\/10\/Afis-15-oct.-ora-19.00.-sala-Studio-Anton-Diaconu-whapp-768x1075.jpg 768w\" sizes=\"auto, (max-width: 731px) 100vw, 731px\" \/><\/a><\/figure>\n","protected":false},"excerpt":{"rendered":"<p>Miercuri, 15 octombrie, ora 19.00 Sala Studio \u201eAnton Diaconu\u201d, Corpul Artes Fa\u021b\u0103 \u00een fa\u021b\u0103: Dinu Lipatti \u2013 Filip Laz\u0103r RECITAL DE CONCERTE PENTRU DOU\u0102 PIANE Interpreteaz\u0103: VIORELA CIUCUR, pian (UNMB) CRISTINA G\u00c2RBEA, pian (UNMB) Eveniment prefa\u021bat de muzicolog dr. LIGIA F\u0102RC\u0102\u0218EL (cercet\u0103tor ICMA-UNAGE) Program: Filip Laz\u0103r \u2013 Concertul nr. 2 pentru pian \u0219i orchestr\u0103 mic\u0103, [&hellip;]<\/p>\n","protected":false},"author":3,"featured_media":0,"comment_status":"closed","ping_status":"open","sticky":false,"template":"","format":"standard","meta":{"footnotes":""},"categories":[80],"tags":[],"class_list":["post-1372","post","type-post","status-publish","format-standard","hentry","category-evenimente-fmr-2025"],"_links":{"self":[{"href":"https:\/\/fmr.arteiasi.ro\/index.php?rest_route=\/wp\/v2\/posts\/1372","targetHints":{"allow":["GET"]}}],"collection":[{"href":"https:\/\/fmr.arteiasi.ro\/index.php?rest_route=\/wp\/v2\/posts"}],"about":[{"href":"https:\/\/fmr.arteiasi.ro\/index.php?rest_route=\/wp\/v2\/types\/post"}],"author":[{"embeddable":true,"href":"https:\/\/fmr.arteiasi.ro\/index.php?rest_route=\/wp\/v2\/users\/3"}],"replies":[{"embeddable":true,"href":"https:\/\/fmr.arteiasi.ro\/index.php?rest_route=%2Fwp%2Fv2%2Fcomments&post=1372"}],"version-history":[{"count":1,"href":"https:\/\/fmr.arteiasi.ro\/index.php?rest_route=\/wp\/v2\/posts\/1372\/revisions"}],"predecessor-version":[{"id":1374,"href":"https:\/\/fmr.arteiasi.ro\/index.php?rest_route=\/wp\/v2\/posts\/1372\/revisions\/1374"}],"wp:attachment":[{"href":"https:\/\/fmr.arteiasi.ro\/index.php?rest_route=%2Fwp%2Fv2%2Fmedia&parent=1372"}],"wp:term":[{"taxonomy":"category","embeddable":true,"href":"https:\/\/fmr.arteiasi.ro\/index.php?rest_route=%2Fwp%2Fv2%2Fcategories&post=1372"},{"taxonomy":"post_tag","embeddable":true,"href":"https:\/\/fmr.arteiasi.ro\/index.php?rest_route=%2Fwp%2Fv2%2Ftags&post=1372"}],"curies":[{"name":"wp","href":"https:\/\/api.w.org\/{rel}","templated":true}]}}