{"id":1370,"date":"2025-10-11T15:18:36","date_gmt":"2025-10-11T12:18:36","guid":{"rendered":"https:\/\/fmr.arteiasi.ro\/?p=1370"},"modified":"2025-10-11T15:18:36","modified_gmt":"2025-10-11T12:18:36","slug":"miercuri-15-oct-ora-19-sala-henri-coanda-palatul-culturii-eminescu-sunet-si-cuvant-concert-coral","status":"publish","type":"post","link":"https:\/\/fmr.arteiasi.ro\/?p=1370","title":{"rendered":"Miercuri, 15 oct., ora 19 | Sala \u201eHenri Coand\u0103\u201d, Palatul Culturii &#8211; Eminescu, sunet \u0219i cuv\u00e2nt | Concert coral"},"content":{"rendered":"\n<p>Miercuri, 15 octombrie, ora 19.00<\/p>\n\n\n\n<p>Sala \u201eHenri Coand\u0103\u201d, Palatul Culturii<\/p>\n\n\n\n<p><strong><em>Eminescu, sunet \u0219i cuv\u00e2nt<\/em><\/strong><\/p>\n\n\n\n<p>CONCERT CORAL<\/p>\n\n\n\n<p><strong>Corul academic \u201eGavriil Musicescu\u201d<\/strong><\/p>\n\n\n\n<p>al Filarmonicii de Stat \u201eMoldova\u201d Ia\u0219i<\/p>\n\n\n\n<p>Dirijor: <strong>CONSUELA RADU-\u021aAGA<\/strong><\/p>\n\n\n\n<p>La pian: <strong>ADINA ALUPEI<\/strong><\/p>\n\n\n\n<p>Actor invitat:<strong> DUMITRIANA CONDURACHE<\/strong><\/p>\n\n\n\n<p>Program:<\/p>\n\n\n\n<p><strong>Vasile Timi\u0219<\/strong> \u2013 Triptic I: <em>De-a\u0219 avea<\/em> \/ <em>Lacul<\/em> \/ <em>O, r\u0103m\u00e2i<\/em><\/p>\n\n\n\n<p><strong>Sabin P\u0103utza<\/strong> \u2013 <em>Peste v\u00e2rfuri<\/em><\/p>\n\n\n\n<p><strong>Gheorghe Dima<\/strong> \u2013 <em>La mijloc de codru de<\/em>s<\/p>\n\n\n\n<p><strong>Dan Buciu<\/strong> \u2013 <em>Visare<\/em><\/p>\n\n\n\n<p><strong>Constantin Arvinte<\/strong> \u2013 <em>Vreo zg\u00e2tie de fat\u0103<\/em><\/p>\n\n\n\n<p><strong>Radu Paladi<\/strong> \u2013 <em>C\u00e2nd<\/em> <em>amintirile<\/em><\/p>\n\n\n\n<p><strong>Radu Paladi<\/strong> \u2013 <em>S\u0103 fie sara-n asfin\u021bit<\/em><\/p>\n\n\n\n<p><strong>Felicia Donceanu<\/strong> \u2013 <em>\u00centre p\u0103s\u0103ri<\/em><\/p>\n\n\n\n<p><strong>Tudor Jarda<\/strong> \u2013 <em>Rug\u0103ciune<\/em><\/p>\n\n\n\n<p><strong>Sabin Dr\u0103goi<\/strong> \u2013 <em>Doina<\/em><\/p>\n\n\n\n<p><strong>Tudor Chiriac<\/strong> \u2013 <em>Izvorul<\/em><\/p>\n\n\n\n<p><strong>Vasile Timi\u0219<\/strong> \u2013 Triptic II: <em>Dup\u0103 ce at\u00e2ta vreme<\/em> \/ <em>\u0218i dac\u0103&#8230;<\/em> \/ <em>O, r\u0103m\u00e2i<\/em><\/p>\n\n\n\n<p><\/p>\n","protected":false},"excerpt":{"rendered":"<p>Miercuri, 15 octombrie, ora 19.00 Sala \u201eHenri Coand\u0103\u201d, Palatul Culturii Eminescu, sunet \u0219i cuv\u00e2nt CONCERT CORAL Corul academic \u201eGavriil Musicescu\u201d al Filarmonicii de Stat \u201eMoldova\u201d Ia\u0219i Dirijor: CONSUELA RADU-\u021aAGA La pian: ADINA ALUPEI Actor invitat: DUMITRIANA CONDURACHE Program: Vasile Timi\u0219 \u2013 Triptic I: De-a\u0219 avea \/ Lacul \/ O, r\u0103m\u00e2i Sabin P\u0103utza \u2013 Peste v\u00e2rfuri [&hellip;]<\/p>\n","protected":false},"author":3,"featured_media":0,"comment_status":"closed","ping_status":"open","sticky":false,"template":"","format":"standard","meta":{"footnotes":""},"categories":[80],"tags":[],"class_list":["post-1370","post","type-post","status-publish","format-standard","hentry","category-evenimente-fmr-2025"],"_links":{"self":[{"href":"https:\/\/fmr.arteiasi.ro\/index.php?rest_route=\/wp\/v2\/posts\/1370","targetHints":{"allow":["GET"]}}],"collection":[{"href":"https:\/\/fmr.arteiasi.ro\/index.php?rest_route=\/wp\/v2\/posts"}],"about":[{"href":"https:\/\/fmr.arteiasi.ro\/index.php?rest_route=\/wp\/v2\/types\/post"}],"author":[{"embeddable":true,"href":"https:\/\/fmr.arteiasi.ro\/index.php?rest_route=\/wp\/v2\/users\/3"}],"replies":[{"embeddable":true,"href":"https:\/\/fmr.arteiasi.ro\/index.php?rest_route=%2Fwp%2Fv2%2Fcomments&post=1370"}],"version-history":[{"count":1,"href":"https:\/\/fmr.arteiasi.ro\/index.php?rest_route=\/wp\/v2\/posts\/1370\/revisions"}],"predecessor-version":[{"id":1371,"href":"https:\/\/fmr.arteiasi.ro\/index.php?rest_route=\/wp\/v2\/posts\/1370\/revisions\/1371"}],"wp:attachment":[{"href":"https:\/\/fmr.arteiasi.ro\/index.php?rest_route=%2Fwp%2Fv2%2Fmedia&parent=1370"}],"wp:term":[{"taxonomy":"category","embeddable":true,"href":"https:\/\/fmr.arteiasi.ro\/index.php?rest_route=%2Fwp%2Fv2%2Fcategories&post=1370"},{"taxonomy":"post_tag","embeddable":true,"href":"https:\/\/fmr.arteiasi.ro\/index.php?rest_route=%2Fwp%2Fv2%2Ftags&post=1370"}],"curies":[{"name":"wp","href":"https:\/\/api.w.org\/{rel}","templated":true}]}}