{"id":1365,"date":"2025-10-11T15:14:37","date_gmt":"2025-10-11T12:14:37","guid":{"rendered":"https:\/\/fmr.arteiasi.ro\/?p=1365"},"modified":"2025-10-11T15:14:37","modified_gmt":"2025-10-11T12:14:37","slug":"miercuri-15-oct-ora-17-sala-e-caudella-casa-bals-ecouri-eminesciene-in-liedul-romanesc-recital-vocal-instrumental","status":"publish","type":"post","link":"https:\/\/fmr.arteiasi.ro\/?p=1365","title":{"rendered":"Miercuri, 15 oct., ora 17 | Sala \u201eE. Caudella\u201d, Casa Bal\u0219 &#8211; Ecouri eminesciene \u00een liedul rom\u00e2nesc | Recital vocal-instrumental"},"content":{"rendered":"\n<p>Miercuri, 15 octombrie, ora 17.00<\/p>\n\n\n\n<p>Sala \u201eEduard Caudella\u201d, Casa Bal\u0219<\/p>\n\n\n\n<p><strong><em>Ecouri eminesciene \u00een liedul rom\u00e2nesc<\/em><\/strong><strong><em><\/em><\/strong><\/p>\n\n\n\n<p>RECITAL VOCAL-INSTRUMENTAL<\/p>\n\n\n\n<p>Interpreteaz\u0103:<\/p>\n\n\n\n<p><strong>CRISTINA GRIGORA\u0218<\/strong>, sopran\u0103<\/p>\n\n\n\n<p><strong>ROXANA OTA<\/strong>, pian<\/p>\n\n\n\n<p>Eveniment prefa\u021bat de muzicolog drd. <strong>MARIA ISABELA NICA<\/strong><\/p>\n\n\n\n<p>Program:<\/p>\n\n\n\n<p><strong>Carmen Petra-Basacopol<\/strong> <em>\u2013 Nu e stelu\u021b\u0103<\/em><\/p>\n\n\n\n<p>\u2013<em>Din cerurile albastre<\/em><\/p>\n\n\n\n<p>\u2013<em>Prin nop\u021bi t\u0103cute<\/em><\/p>\n\n\n\n<p>\u2013<em>C\u00e2ntecul l\u0103utarului<\/em><\/p>\n\n\n\n<p>\u2013<em>Auzi prin frunzi uscate<\/em><\/p>\n\n\n\n<p><strong>Nicolae Bretan&nbsp; <\/strong>\u2013<em>C\u00e2nd amintirile<\/em><\/p>\n\n\n\n<p>\u2013<em>Ce te legeni, codrule?<\/em><\/p>\n\n\n\n<p>\u2013<em>Las\u0103-\u021bi lumea ta uitat\u0103<\/em><\/p>\n\n\n\n<p>\u2013<em>O, vin pe mare<\/em><\/p>\n\n\n\n<p>\u2013<em>Stelele-n cer<\/em><\/p>\n\n\n\n<p>\u2013<em>Te duci, \u0219i-am \u00een\u021beles prea bine<\/em><\/p>\n\n\n\n<p><strong>Gheorghe Dima <\/strong>\u2013 <em>De ce nu-mi vii?<\/em><\/p>\n\n\n\n<p><em>&nbsp;<\/em>\u2013<em>\u0218i dac\u0103 ramuri bat \u00een geam<\/em><\/p>\n\n\n\n<p><em>&nbsp;<\/em>\u2013<em>Somnoroase p\u0103s\u0103rele<\/em><\/p>\n\n\n\n<p><strong>Eugen Doga&nbsp; <\/strong>\u2013 <em>De-at\u00e2tea ori<\/em><\/p>\n\n\n\n<p>\u2013<em>De-a\u0219 avea&#8230;<\/em><\/p>\n\n\n\n<p>\u2013<em>O, r\u00e2m\u00e2i<\/em><\/p>\n\n\n\n<p>\u2013<em>Ochiul t\u0103u iubit<\/em><\/p>\n\n\n\n<p>\u2013<em>S\u0103 \u021bin \u00eenc\u0103 o dat\u0103&#8230;<\/em><\/p>\n\n\n\n<figure class=\"wp-block-image size-large\"><a href=\"https:\/\/fmr.arteiasi.ro\/wp-content\/uploads\/2025\/10\/Afis-15-oct.-ora-17.00.-sala-Caudella-whapp-1.jpg\"><img loading=\"lazy\" decoding=\"async\" width=\"731\" height=\"1024\" src=\"https:\/\/fmr.arteiasi.ro\/wp-content\/uploads\/2025\/10\/Afis-15-oct.-ora-17.00.-sala-Caudella-whapp-1-731x1024.jpg\" alt=\"\" class=\"wp-image-1366\" srcset=\"https:\/\/fmr.arteiasi.ro\/wp-content\/uploads\/2025\/10\/Afis-15-oct.-ora-17.00.-sala-Caudella-whapp-1-731x1024.jpg 731w, https:\/\/fmr.arteiasi.ro\/wp-content\/uploads\/2025\/10\/Afis-15-oct.-ora-17.00.-sala-Caudella-whapp-1-214x300.jpg 214w, https:\/\/fmr.arteiasi.ro\/wp-content\/uploads\/2025\/10\/Afis-15-oct.-ora-17.00.-sala-Caudella-whapp-1-768x1075.jpg 768w\" sizes=\"auto, (max-width: 731px) 100vw, 731px\" \/><\/a><\/figure>\n","protected":false},"excerpt":{"rendered":"<p>Miercuri, 15 octombrie, ora 17.00 Sala \u201eEduard Caudella\u201d, Casa Bal\u0219 Ecouri eminesciene \u00een liedul rom\u00e2nesc RECITAL VOCAL-INSTRUMENTAL Interpreteaz\u0103: CRISTINA GRIGORA\u0218, sopran\u0103 ROXANA OTA, pian Eveniment prefa\u021bat de muzicolog drd. MARIA ISABELA NICA Program: Carmen Petra-Basacopol \u2013 Nu e stelu\u021b\u0103 \u2013Din cerurile albastre \u2013Prin nop\u021bi t\u0103cute \u2013C\u00e2ntecul l\u0103utarului \u2013Auzi prin frunzi uscate Nicolae Bretan&nbsp; \u2013C\u00e2nd amintirile [&hellip;]<\/p>\n","protected":false},"author":3,"featured_media":0,"comment_status":"closed","ping_status":"open","sticky":false,"template":"","format":"standard","meta":{"footnotes":""},"categories":[80],"tags":[],"class_list":["post-1365","post","type-post","status-publish","format-standard","hentry","category-evenimente-fmr-2025"],"_links":{"self":[{"href":"https:\/\/fmr.arteiasi.ro\/index.php?rest_route=\/wp\/v2\/posts\/1365","targetHints":{"allow":["GET"]}}],"collection":[{"href":"https:\/\/fmr.arteiasi.ro\/index.php?rest_route=\/wp\/v2\/posts"}],"about":[{"href":"https:\/\/fmr.arteiasi.ro\/index.php?rest_route=\/wp\/v2\/types\/post"}],"author":[{"embeddable":true,"href":"https:\/\/fmr.arteiasi.ro\/index.php?rest_route=\/wp\/v2\/users\/3"}],"replies":[{"embeddable":true,"href":"https:\/\/fmr.arteiasi.ro\/index.php?rest_route=%2Fwp%2Fv2%2Fcomments&post=1365"}],"version-history":[{"count":1,"href":"https:\/\/fmr.arteiasi.ro\/index.php?rest_route=\/wp\/v2\/posts\/1365\/revisions"}],"predecessor-version":[{"id":1367,"href":"https:\/\/fmr.arteiasi.ro\/index.php?rest_route=\/wp\/v2\/posts\/1365\/revisions\/1367"}],"wp:attachment":[{"href":"https:\/\/fmr.arteiasi.ro\/index.php?rest_route=%2Fwp%2Fv2%2Fmedia&parent=1365"}],"wp:term":[{"taxonomy":"category","embeddable":true,"href":"https:\/\/fmr.arteiasi.ro\/index.php?rest_route=%2Fwp%2Fv2%2Fcategories&post=1365"},{"taxonomy":"post_tag","embeddable":true,"href":"https:\/\/fmr.arteiasi.ro\/index.php?rest_route=%2Fwp%2Fv2%2Ftags&post=1365"}],"curies":[{"name":"wp","href":"https:\/\/api.w.org\/{rel}","templated":true}]}}