{"id":1358,"date":"2025-10-11T15:12:08","date_gmt":"2025-10-11T12:12:08","guid":{"rendered":"https:\/\/fmr.arteiasi.ro\/?p=1358"},"modified":"2025-10-11T15:12:08","modified_gmt":"2025-10-11T12:12:08","slug":"miercuri-15-oct-ora-11-sala-e-caudella-casa-bals-periplu-miniatural-anotimpurile-de-nicolae-coman-recital-instrumental-madalina-busuioc-pian","status":"publish","type":"post","link":"https:\/\/fmr.arteiasi.ro\/?p=1358","title":{"rendered":"Miercuri, 15 oct., ora 11 | Sala \u201eE. Caudella\u201d, Casa Bal\u0219 &#8211; Periplu miniatural \u2013 \u201eAnotimpurile\u201d de Nicolae Coman | Recital instrumental | M\u0103d\u0103lina Busuioc, pian"},"content":{"rendered":"\n<p>Miercuri, 15 octombrie, ora 11.00<\/p>\n\n\n\n<p>Sala \u201eEduard Caudella\u201d, Casa Bal\u0219<\/p>\n\n\n\n<p><strong><em>Periplu miniatural \u2013 \u201eAnotimpurile\u201d<\/em><\/strong> <strong><em>de Nicolae Coman<\/em><\/strong><\/p>\n\n\n\n<p>RECITAL INSTRUMENTAL<\/p>\n\n\n\n<p><strong>M\u0102D\u0102LINA BUSUIOC<\/strong>, pian<\/p>\n\n\n\n<p>Eveniment prefa\u021bat de muzicolog dr. <strong>MIHAELA G\u00c2RLEA<\/strong><\/p>\n\n\n\n<p>(prezentator \u0219i recitator)<\/p>\n\n\n\n<p>Program:<\/p>\n\n\n\n<p><strong><em>Semne de verde crud<\/em><\/strong><\/p>\n\n\n\n<p><em>Dup\u0103 ploaie<\/em><\/p>\n\n\n\n<p><em>Note de noapte (I)<\/em><\/p>\n\n\n\n<p><em>Note de noapte (II)<\/em><\/p>\n\n\n\n<p><em>Omagiu lui Bela Bartok<\/em><\/p>\n\n\n\n<p><em>Totul e bine c\u0103nd se termin\u0103 cu bine<\/em><\/p>\n\n\n\n<p><em>Vals slav \u2013 Vaslav Nijinscki in memoriam<\/em><\/p>\n\n\n\n<p><em>Scherzo<\/em><\/p>\n\n\n\n<p><strong><em>Eufonii de var\u0103<\/em><\/strong><\/p>\n\n\n\n<p><em>Fluturele \u0219i roua<\/em><\/p>\n\n\n\n<p><em>Sear\u0103 de demult<\/em><\/p>\n\n\n\n<p><em>Melcul<\/em><\/p>\n\n\n\n<p><em>Ar\u021bag<\/em><\/p>\n\n\n\n<p><em>Clopotul \u0219i pas\u0103rea<\/em><\/p>\n\n\n\n<p><em>Armonii de amurg (I)<\/em><\/p>\n\n\n\n<p><em>Armonii de amurg (II)<\/em><\/p>\n\n\n\n<p><em>Armonii de amurg (III)<\/em><\/p>\n\n\n\n<p><em>Tulnic\u0103rese<\/em><\/p>\n\n\n\n<p><em>Note de noapte (III)<\/em><\/p>\n\n\n\n<p><em>Note de noapte (IV)<\/em><\/p>\n\n\n\n<p><em>Note de noapte (V)<\/em><\/p>\n\n\n\n<p><em>Note de noapte (VI)<\/em><\/p>\n\n\n\n<p><em>Omagiu lui Skriabin<\/em><\/p>\n\n\n\n<p><strong><em>Semne de toamn\u0103<\/em><\/strong><\/p>\n\n\n\n<p><em>I<\/em><\/p>\n\n\n\n<p><em>II<\/em><\/p>\n\n\n\n<p><em>III<\/em><\/p>\n\n\n\n<p><em>IV<\/em><\/p>\n\n\n\n<p><em>V<\/em><\/p>\n\n\n\n<p><em>VI<\/em><\/p>\n\n\n\n<p><em>VII<\/em><\/p>\n\n\n\n<p><em>VIII<\/em><\/p>\n\n\n\n<p><em>IX<\/em><\/p>\n\n\n\n<p><strong><em>Semnele<\/em><\/strong><em> <strong>iernii<\/strong><\/em><\/p>\n\n\n\n<p><em>Preludiu<\/em><\/p>\n\n\n\n<p><em>Flori de ghea\u021b\u0103<\/em><\/p>\n\n\n\n<p><em>Nehot\u0103r\u00e2re<\/em><\/p>\n\n\n\n<p><em>Troiene<\/em><\/p>\n\n\n\n<p><em>Armonii de iarn\u0103<\/em><\/p>\n\n\n\n<p><em>Tunelul oranj<\/em><\/p>\n\n\n\n<p><em>Aleea plopilor de sticl\u0103<\/em><\/p>\n\n\n\n<p><em>Pas\u0103 rea<\/em><\/p>\n\n\n\n<p><em>Ghea\u021b\u0103, p\u0103s\u0103ri singuratice. clopote<\/em><\/p>\n\n\n\n<p><em>Lamento<\/em><\/p>\n\n\n\n<p><strong><em>Cinci mici reverii (Epilog)<\/em><\/strong><\/p>\n\n\n\n<p><em>Reverie I \u2013 Aer de munte<\/em><\/p>\n\n\n\n<p><em>Reverie II \u2013 Ultime tulnice<\/em><\/p>\n\n\n\n<p><em>Reverie III \u2013 Umbra ulmului pe cer<\/em><\/p>\n\n\n\n<p><em>Reverie IV \u2013 Threni<\/em><em>Reverie V \u2013 Epilog<\/em><\/p>\n\n\n\n<figure class=\"wp-block-image size-large\"><a href=\"https:\/\/fmr.arteiasi.ro\/wp-content\/uploads\/2025\/10\/Afis-15-oct.-ora-11.00.-sala-Caudella-whapp.jpg\"><img loading=\"lazy\" decoding=\"async\" width=\"731\" height=\"1024\" src=\"https:\/\/fmr.arteiasi.ro\/wp-content\/uploads\/2025\/10\/Afis-15-oct.-ora-11.00.-sala-Caudella-whapp-731x1024.jpg\" alt=\"\" class=\"wp-image-1359\" srcset=\"https:\/\/fmr.arteiasi.ro\/wp-content\/uploads\/2025\/10\/Afis-15-oct.-ora-11.00.-sala-Caudella-whapp-731x1024.jpg 731w, https:\/\/fmr.arteiasi.ro\/wp-content\/uploads\/2025\/10\/Afis-15-oct.-ora-11.00.-sala-Caudella-whapp-214x300.jpg 214w, https:\/\/fmr.arteiasi.ro\/wp-content\/uploads\/2025\/10\/Afis-15-oct.-ora-11.00.-sala-Caudella-whapp-768x1075.jpg 768w\" sizes=\"auto, (max-width: 731px) 100vw, 731px\" \/><\/a><\/figure>\n","protected":false},"excerpt":{"rendered":"<p>Miercuri, 15 octombrie, ora 11.00 Sala \u201eEduard Caudella\u201d, Casa Bal\u0219 Periplu miniatural \u2013 \u201eAnotimpurile\u201d de Nicolae Coman RECITAL INSTRUMENTAL M\u0102D\u0102LINA BUSUIOC, pian Eveniment prefa\u021bat de muzicolog dr. MIHAELA G\u00c2RLEA (prezentator \u0219i recitator) Program: Semne de verde crud Dup\u0103 ploaie Note de noapte (I) Note de noapte (II) Omagiu lui Bela Bartok Totul e bine c\u0103nd [&hellip;]<\/p>\n","protected":false},"author":3,"featured_media":0,"comment_status":"closed","ping_status":"open","sticky":false,"template":"","format":"standard","meta":{"footnotes":""},"categories":[80],"tags":[],"class_list":["post-1358","post","type-post","status-publish","format-standard","hentry","category-evenimente-fmr-2025"],"_links":{"self":[{"href":"https:\/\/fmr.arteiasi.ro\/index.php?rest_route=\/wp\/v2\/posts\/1358","targetHints":{"allow":["GET"]}}],"collection":[{"href":"https:\/\/fmr.arteiasi.ro\/index.php?rest_route=\/wp\/v2\/posts"}],"about":[{"href":"https:\/\/fmr.arteiasi.ro\/index.php?rest_route=\/wp\/v2\/types\/post"}],"author":[{"embeddable":true,"href":"https:\/\/fmr.arteiasi.ro\/index.php?rest_route=\/wp\/v2\/users\/3"}],"replies":[{"embeddable":true,"href":"https:\/\/fmr.arteiasi.ro\/index.php?rest_route=%2Fwp%2Fv2%2Fcomments&post=1358"}],"version-history":[{"count":1,"href":"https:\/\/fmr.arteiasi.ro\/index.php?rest_route=\/wp\/v2\/posts\/1358\/revisions"}],"predecessor-version":[{"id":1360,"href":"https:\/\/fmr.arteiasi.ro\/index.php?rest_route=\/wp\/v2\/posts\/1358\/revisions\/1360"}],"wp:attachment":[{"href":"https:\/\/fmr.arteiasi.ro\/index.php?rest_route=%2Fwp%2Fv2%2Fmedia&parent=1358"}],"wp:term":[{"taxonomy":"category","embeddable":true,"href":"https:\/\/fmr.arteiasi.ro\/index.php?rest_route=%2Fwp%2Fv2%2Fcategories&post=1358"},{"taxonomy":"post_tag","embeddable":true,"href":"https:\/\/fmr.arteiasi.ro\/index.php?rest_route=%2Fwp%2Fv2%2Ftags&post=1358"}],"curies":[{"name":"wp","href":"https:\/\/api.w.org\/{rel}","templated":true}]}}