{"id":1355,"date":"2025-10-11T15:10:01","date_gmt":"2025-10-11T12:10:01","guid":{"rendered":"https:\/\/fmr.arteiasi.ro\/?p=1355"},"modified":"2025-10-11T15:10:01","modified_gmt":"2025-10-11T12:10:01","slug":"marti-14-oct-ora-19-30-catedrala-romano-catolica-sfanta-fecioara-maria-regina-vitralii-sonore-ale-transcendentei-concert-coral-ansamblul-the-ones-vocal-artists","status":"publish","type":"post","link":"https:\/\/fmr.arteiasi.ro\/?p=1355","title":{"rendered":"Mar\u021bi, 14 oct., ora 19.30 | Catedrala Romano-Catolic\u0103 \u201eSf\u00e2nta Fecioar\u0103 Maria, Regin\u0103\u201d &#8211; Vitralii sonore ale transcenden\u021bei | Concert coral | Ansamblul The Ones Vocal Artists"},"content":{"rendered":"\n<p>Mar\u021bi, 14 octombrie, ora 19.30<\/p>\n\n\n\n<p>Catedrala Romano-Catolic\u0103 \u201eSf\u00e2nta Fecioar\u0103 Maria, Regin\u0103\u201d<strong><\/strong><\/p>\n\n\n\n<p><strong><em>Vitralii sonore ale transcenden\u021bei<\/em><\/strong><\/p>\n\n\n\n<p>CONCERT CORAL<\/p>\n\n\n\n<p>Interpreteaz\u0103:<\/p>\n\n\n\n<p><a><\/a>Ansamblul vocal <strong><em>The Ones Vocal Artists<\/em><\/strong><strong><\/strong><\/p>\n\n\n\n<p>Dirijor: <strong>ALEXANDRU SEMENIUC<\/strong><\/p>\n\n\n\n<p>La pian: <strong>ANDREEA MORO\u0218ANU<\/strong><\/p>\n\n\n\n<p>Eveniment prefa\u021bat de muzicolog dr. <strong>ANCA S\u00ceRBU<\/strong><\/p>\n\n\n\n<p>Program:<\/p>\n\n\n\n<p>I. MYSTERIUM<\/p>\n\n\n\n<ol class=\"wp-block-list\">\n<li><strong>Robert-Dumitru Burc\u0103<\/strong> \u2013 <em>O magnum mysterium<\/em> (2024), p.a.a.<\/li>\n\n\n\n<li><strong>Alexandru Semeniuc<\/strong> \u2013 <em>Rug\u0103ciune de pace<\/em> (2023), sopran <em>solo<\/em>, cor dublu, p.a.a.<\/li>\n<\/ol>\n\n\n\n<p>II. BYZANTINUM<\/p>\n\n\n\n<ul class=\"wp-block-list\">\n<li><strong>Robert-Dumitru Burc\u0103<\/strong><em> \u2013 It is truly meet<\/em> (2025), p.a.a.<\/li>\n\n\n\n<li><strong>Mirela Magdalena Ni\u021b\u0103<\/strong> \u2013 <em>Psalm 70<\/em>, p.a.a.<\/li>\n<\/ul>\n\n\n\n<p>III. CAELESTIS<\/p>\n\n\n\n<ul class=\"wp-block-list\">\n<li><strong>Liana Alexandra<\/strong><em> \u2013 Soarele \u0219i luna<\/em>, balad\u0103 pentru cor mixt<\/li>\n<\/ul>\n\n\n\n<p>IV. MONASTERIUM<\/p>\n\n\n\n<ul class=\"wp-block-list\">\n<li><strong>Ioan C\u0103ianu<\/strong> (arj. <strong>Constantin R\u00eep\u0103<\/strong>) \u2013 <em>C\u00e2ntecul Voievodesei Lupu<\/em>, din <em>Codex<\/em> <em>Caioni<\/em>\u00a0<\/li>\n\n\n\n<li><strong>Vasile Timi\u0219<\/strong><em> \u2013 Vorone\u021b<\/em>\u00a0<\/li>\n<\/ul>\n\n\n\n<p>V. GRATIA<\/p>\n\n\n\n<ul class=\"wp-block-list\">\n<li><strong>Florian Costea<\/strong> \u2013 <em>Heruvic <\/em>\u0219i<em> Ca pre \u00eemp\u0103ratul<\/em><\/li>\n\n\n\n<li><strong>Alexandru Semeniuc<\/strong><em> \u2013 C\u00e2ntare de mul\u021bumire<\/em><\/li>\n<\/ul>\n\n\n\n<p>&nbsp;&nbsp;&nbsp;&nbsp;&nbsp;&nbsp;&nbsp;&nbsp;&nbsp;&nbsp;&nbsp;&nbsp;&nbsp;&nbsp;&nbsp;&nbsp;&nbsp;&nbsp;&nbsp;&nbsp;&nbsp;&nbsp;&nbsp;&nbsp;&nbsp;&nbsp;&nbsp;&nbsp;&nbsp;&nbsp;&nbsp;&nbsp;&nbsp;&nbsp;&nbsp;&nbsp;&nbsp;&nbsp;&nbsp; (p.a.a., sextet <em>soli<\/em>)<\/p>\n\n\n\n<p>VI. CAELUM ET TERRA<\/p>\n\n\n\n<ol class=\"wp-block-list\">\n<li><strong>Paul Constantinescu<\/strong> \u2013 <em>Fream\u0103t de codru<\/em><\/li>\n\n\n\n<li><strong>Paul Constantinescu<\/strong> \u2013 <em>Stelele-n cer<\/em><\/li>\n<\/ol>\n\n\n\n<p>VII. AETERNITATIS<\/p>\n\n\n\n<ol class=\"wp-block-list\">\n<li><strong>Vasile Sp\u0103t\u0103relu<\/strong> \u2013 <em>D\u0103inuire<\/em>\u00a0<\/li>\n\n\n\n<li><strong>Constantin R\u00eep\u0103<\/strong> \u2013 <em>Pax ades<\/em><\/li>\n\n\n\n<li><strong>Sabin Pautza<\/strong> \u2013 <em>Glory<\/em> (din <em>Ebony<\/em><em>Mass<\/em>)<\/li>\n<\/ol>\n\n\n\n<figure class=\"wp-block-image size-large\"><a href=\"https:\/\/fmr.arteiasi.ro\/wp-content\/uploads\/2025\/10\/Afis-14-oct.-ora-19.30-Catedrala-catolica-whapp.jpg\"><img loading=\"lazy\" decoding=\"async\" width=\"731\" height=\"1024\" src=\"https:\/\/fmr.arteiasi.ro\/wp-content\/uploads\/2025\/10\/Afis-14-oct.-ora-19.30-Catedrala-catolica-whapp-731x1024.jpg\" alt=\"\" class=\"wp-image-1356\" srcset=\"https:\/\/fmr.arteiasi.ro\/wp-content\/uploads\/2025\/10\/Afis-14-oct.-ora-19.30-Catedrala-catolica-whapp-731x1024.jpg 731w, https:\/\/fmr.arteiasi.ro\/wp-content\/uploads\/2025\/10\/Afis-14-oct.-ora-19.30-Catedrala-catolica-whapp-214x300.jpg 214w, https:\/\/fmr.arteiasi.ro\/wp-content\/uploads\/2025\/10\/Afis-14-oct.-ora-19.30-Catedrala-catolica-whapp-768x1075.jpg 768w\" sizes=\"auto, (max-width: 731px) 100vw, 731px\" \/><\/a><\/figure>\n","protected":false},"excerpt":{"rendered":"<p>Mar\u021bi, 14 octombrie, ora 19.30 Catedrala Romano-Catolic\u0103 \u201eSf\u00e2nta Fecioar\u0103 Maria, Regin\u0103\u201d Vitralii sonore ale transcenden\u021bei CONCERT CORAL Interpreteaz\u0103: Ansamblul vocal The Ones Vocal Artists Dirijor: ALEXANDRU SEMENIUC La pian: ANDREEA MORO\u0218ANU Eveniment prefa\u021bat de muzicolog dr. ANCA S\u00ceRBU Program: I. MYSTERIUM II. BYZANTINUM III. CAELESTIS IV. MONASTERIUM V. GRATIA &nbsp;&nbsp;&nbsp;&nbsp;&nbsp;&nbsp;&nbsp;&nbsp;&nbsp;&nbsp;&nbsp;&nbsp;&nbsp;&nbsp;&nbsp;&nbsp;&nbsp;&nbsp;&nbsp;&nbsp;&nbsp;&nbsp;&nbsp;&nbsp;&nbsp;&nbsp;&nbsp;&nbsp;&nbsp;&nbsp;&nbsp;&nbsp;&nbsp;&nbsp;&nbsp;&nbsp;&nbsp;&nbsp;&nbsp; (p.a.a., sextet soli) VI. CAELUM [&hellip;]<\/p>\n","protected":false},"author":3,"featured_media":0,"comment_status":"closed","ping_status":"open","sticky":false,"template":"","format":"standard","meta":{"footnotes":""},"categories":[80],"tags":[],"class_list":["post-1355","post","type-post","status-publish","format-standard","hentry","category-evenimente-fmr-2025"],"_links":{"self":[{"href":"https:\/\/fmr.arteiasi.ro\/index.php?rest_route=\/wp\/v2\/posts\/1355","targetHints":{"allow":["GET"]}}],"collection":[{"href":"https:\/\/fmr.arteiasi.ro\/index.php?rest_route=\/wp\/v2\/posts"}],"about":[{"href":"https:\/\/fmr.arteiasi.ro\/index.php?rest_route=\/wp\/v2\/types\/post"}],"author":[{"embeddable":true,"href":"https:\/\/fmr.arteiasi.ro\/index.php?rest_route=\/wp\/v2\/users\/3"}],"replies":[{"embeddable":true,"href":"https:\/\/fmr.arteiasi.ro\/index.php?rest_route=%2Fwp%2Fv2%2Fcomments&post=1355"}],"version-history":[{"count":1,"href":"https:\/\/fmr.arteiasi.ro\/index.php?rest_route=\/wp\/v2\/posts\/1355\/revisions"}],"predecessor-version":[{"id":1357,"href":"https:\/\/fmr.arteiasi.ro\/index.php?rest_route=\/wp\/v2\/posts\/1355\/revisions\/1357"}],"wp:attachment":[{"href":"https:\/\/fmr.arteiasi.ro\/index.php?rest_route=%2Fwp%2Fv2%2Fmedia&parent=1355"}],"wp:term":[{"taxonomy":"category","embeddable":true,"href":"https:\/\/fmr.arteiasi.ro\/index.php?rest_route=%2Fwp%2Fv2%2Fcategories&post=1355"},{"taxonomy":"post_tag","embeddable":true,"href":"https:\/\/fmr.arteiasi.ro\/index.php?rest_route=%2Fwp%2Fv2%2Ftags&post=1355"}],"curies":[{"name":"wp","href":"https:\/\/api.w.org\/{rel}","templated":true}]}}