{"id":1353,"date":"2025-10-11T15:09:09","date_gmt":"2025-10-11T12:09:09","guid":{"rendered":"https:\/\/fmr.arteiasi.ro\/?p=1353"},"modified":"2025-10-11T15:09:09","modified_gmt":"2025-10-11T12:09:09","slug":"marti-14-oct-ora-19-aula-bibliotecii-centrale-universitare-concert-cameral-cvartetul-ad-libitum","status":"publish","type":"post","link":"https:\/\/fmr.arteiasi.ro\/?p=1353","title":{"rendered":"Mar\u021bi, 14 oct., ora 19 | Aula Bibliotecii Centrale Universitare &#8211; Concert cameral | Cvartetul Ad libitum"},"content":{"rendered":"\n<p>Mar\u021bi, 14 octombrie, ora 19.00<\/p>\n\n\n\n<p>Filarmonica de Stat \u201eMoldova\u201d, Ia\u0219i<\/p>\n\n\n\n<p>Aula Bibliotecii Centrale Universitare \u201eMihai Eminescu\u201d<\/p>\n\n\n\n<p><strong>Concert cameral<\/strong><\/p>\n\n\n\n<p>Interpreteaz\u0103: <strong>Cvartetul<\/strong> <strong><em>Ad libitum<\/em><\/strong><\/p>\n\n\n\n<p><strong>REMUS AZOI\u0162EI<\/strong>,&nbsp;vioar\u0103<br><strong>\u015eERBAN MEREU\u0162\u0102<\/strong>,&nbsp;vioar\u0103<br><strong>MIHAI DORU COST\u0102CHESCU<\/strong>,&nbsp;viol\u0103<br><strong>FILIP PAPA<\/strong>,&nbsp;violoncel<\/p>\n\n\n\n<p>Program:<\/p>\n\n\n\n<p><strong>George Enescu<\/strong> \u2013 <em>Aubade<\/em> (arj. de G. I. Zampieri)<\/p>\n\n\n\n<p><strong>Vasile Timi\u0219<\/strong> \u2013 <em>Cvartet de coarde<\/em><strong>Pascal Bentoiu<\/strong> \u2013 <em>Cvartetul nr. 2, \u201eal consonan\u021belor\u201d<\/em><\/p>\n\n\n\n<p><\/p>\n","protected":false},"excerpt":{"rendered":"<p>Mar\u021bi, 14 octombrie, ora 19.00 Filarmonica de Stat \u201eMoldova\u201d, Ia\u0219i Aula Bibliotecii Centrale Universitare \u201eMihai Eminescu\u201d Concert cameral Interpreteaz\u0103: Cvartetul Ad libitum REMUS AZOI\u0162EI,&nbsp;vioar\u0103\u015eERBAN MEREU\u0162\u0102,&nbsp;vioar\u0103MIHAI DORU COST\u0102CHESCU,&nbsp;viol\u0103FILIP PAPA,&nbsp;violoncel Program: George Enescu \u2013 Aubade (arj. de G. I. Zampieri) Vasile Timi\u0219 \u2013 Cvartet de coardePascal Bentoiu \u2013 Cvartetul nr. 2, \u201eal consonan\u021belor\u201d<\/p>\n","protected":false},"author":3,"featured_media":0,"comment_status":"closed","ping_status":"open","sticky":false,"template":"","format":"standard","meta":{"footnotes":""},"categories":[80],"tags":[],"class_list":["post-1353","post","type-post","status-publish","format-standard","hentry","category-evenimente-fmr-2025"],"_links":{"self":[{"href":"https:\/\/fmr.arteiasi.ro\/index.php?rest_route=\/wp\/v2\/posts\/1353","targetHints":{"allow":["GET"]}}],"collection":[{"href":"https:\/\/fmr.arteiasi.ro\/index.php?rest_route=\/wp\/v2\/posts"}],"about":[{"href":"https:\/\/fmr.arteiasi.ro\/index.php?rest_route=\/wp\/v2\/types\/post"}],"author":[{"embeddable":true,"href":"https:\/\/fmr.arteiasi.ro\/index.php?rest_route=\/wp\/v2\/users\/3"}],"replies":[{"embeddable":true,"href":"https:\/\/fmr.arteiasi.ro\/index.php?rest_route=%2Fwp%2Fv2%2Fcomments&post=1353"}],"version-history":[{"count":1,"href":"https:\/\/fmr.arteiasi.ro\/index.php?rest_route=\/wp\/v2\/posts\/1353\/revisions"}],"predecessor-version":[{"id":1354,"href":"https:\/\/fmr.arteiasi.ro\/index.php?rest_route=\/wp\/v2\/posts\/1353\/revisions\/1354"}],"wp:attachment":[{"href":"https:\/\/fmr.arteiasi.ro\/index.php?rest_route=%2Fwp%2Fv2%2Fmedia&parent=1353"}],"wp:term":[{"taxonomy":"category","embeddable":true,"href":"https:\/\/fmr.arteiasi.ro\/index.php?rest_route=%2Fwp%2Fv2%2Fcategories&post=1353"},{"taxonomy":"post_tag","embeddable":true,"href":"https:\/\/fmr.arteiasi.ro\/index.php?rest_route=%2Fwp%2Fv2%2Ftags&post=1353"}],"curies":[{"name":"wp","href":"https:\/\/api.w.org\/{rel}","templated":true}]}}