{"id":1337,"date":"2025-10-11T15:03:12","date_gmt":"2025-10-11T12:03:12","guid":{"rendered":"https:\/\/fmr.arteiasi.ro\/?p=1337"},"modified":"2025-10-11T15:03:12","modified_gmt":"2025-10-11T12:03:12","slug":"luni-13-oct-ora-17-palatul-braunstein-muzica-saloanelor-boieresti-de-veac-xix-restitutio-carol-mikuli-recital-conferinta","status":"publish","type":"post","link":"https:\/\/fmr.arteiasi.ro\/?p=1337","title":{"rendered":"Luni, 13 oct., ora 17 | Palatul Braunstein &#8211; Muzica saloanelor boiere\u0219ti de veac XIX \u2013 Restitutio Carol Mikuli | Recital-conferin\u021b\u0103"},"content":{"rendered":"\n<p>Luni, 13 octombrie, ora 17.00<\/p>\n\n\n\n<p>Palatul Braunstein<\/p>\n\n\n\n<p><strong>Muzica saloanelor boiere\u0219ti de veac XIX \u2013 <\/strong><strong><em>Restitutio<\/em><\/strong><strong> <\/strong><strong><em>Carol Mikuli<\/em><\/strong><\/p>\n\n\n\n<p>RECITAL \u2013 CONFERIN\u021a\u0102<\/p>\n\n\n\n<p>Particip\u0103: <strong>CRISTINA ANDRA R\u0102DUCANU<\/strong>, pian<\/p>\n\n\n\n<p>&nbsp;&nbsp;&nbsp; <strong>IRINA ZAMFIRA D\u0102NIL\u0102<\/strong>, muzicolog<strong><\/strong><\/p>\n\n\n\n<p>Program:<\/p>\n\n\n\n<p>Prelucr\u0103ri de folclor \u0219i miniaturi de salon de <strong>Carol Mikuli<\/strong><\/p>\n\n\n\n<p>Program:<\/p>\n\n\n\n<ol class=\"wp-block-list\">\n<li><em>Doina<\/em> \u2013 Carol Mikuli, <em>Douze airs nationaux roumaines<\/em>, cahier I, no. I<\/li>\n\n\n\n<li><em>C\u00e2ntecu lui Dari<\/em> \u2013 Carol Mikuli,<em> Douze airs nationaux roumaines<\/em>, cahier I, no. V<\/li>\n\n\n\n<li><em>Ciob\u0103nesc<\/em> \u2013 Carol Mikuli, <em>Douze airs nationaux roumaines<\/em>, cahier III, no. IX<\/li>\n\n\n\n<li><em>Cor\u0103beasca<\/em> \u2013 Carol Mikuli, <em>Douze airs nationaux roumaines<\/em>, cahier II, no. X<\/li>\n\n\n\n<li><em>Hora<\/em> \u2013 <em>Moderato<\/em> \u2013 Carol Mikuli, <em>Douze airs nationaux roumaines<\/em>, cahier I, no. III<\/li>\n\n\n\n<li><em>Hora <\/em>\u2013 Carol Mikuli, <em>Douze airs nationaux roumaines<\/em>, cahier III, no. I<\/li>\n\n\n\n<li><em>C\u00e2ntec<\/em> \u2013 Carol Mikuli, <em>Douze airs nationaux roumaines<\/em>, cahier II, no. X<\/li>\n\n\n\n<li><em>Copil\u0103 frumoas\u0103 \u0219i t\u00e2n\u0103r\u0103<\/em> \u2013 Carol Mikuli, <em>Douze airs nationaux roumaines<\/em>, cahier III, no. XII<\/li>\n\n\n\n<li><em>Ach, suflete<\/em> \u2013 Carol Mikuli, <em>Douze airs nationaux roumaines<\/em>, cahier IV, no. I<\/li>\n\n\n\n<li><em>Andantino<\/em> \u2013 Carol Mikuli, <em>Douze airs nationaux roumaines<\/em>, cahier I, no. VIII<\/li>\n\n\n\n<li><em>Pas\u0103re galben\u0103<\/em> \u2013 Carol Mikuli, <em>Douze airs nationaux roumaines<\/em>, cahier II, no. II<\/li>\n\n\n\n<li><em>Pe o st\u00e2nc\u0103 \u2019nalt\u0103<\/em> \u2013 Carol Mikuli, <em>Douze airs nationaux roumaines<\/em>, cahier I, no. VI<\/li>\n\n\n\n<li><em>Pr\u00e9lude<\/em> \u2013 Carol Mikuli, <em>Dix pi\u00e8ces pour piano,<\/em> op. 24, no. 1<\/li>\n\n\n\n<li><em>Alla Rumana<\/em> \u2013 Carol Mikuli, <em>Dix pi\u00e8ces pour piano<\/em>, op. 24, no. 5<\/li>\n\n\n\n<li><em>Cantil\u00e8ne<\/em> \u2013 Carol Mikuli, <em>Dix pi\u00e8ces pour piano<\/em>, op. 24, no. 9<\/li>\n\n\n\n<li><em>Mazourka<\/em> \u2013 Carol Mikuli, <em>Dix pi\u00e8ces pour piano,<\/em> op. 24, no. 6<\/li>\n\n\n\n<li><em>Alla Rumana<\/em> \u2013 Carol Mikuli, <em>Dix pi\u00e8ces pour piano,<\/em> op. 24, no. 7<\/li>\n<\/ol>\n\n\n\n<figure class=\"wp-block-image size-large\"><a href=\"https:\/\/fmr.arteiasi.ro\/wp-content\/uploads\/2025\/10\/Afis-13-oct.-ora-17.00.-Palatul-Braunstein-whapp-1.jpg\"><img loading=\"lazy\" decoding=\"async\" width=\"731\" height=\"1024\" src=\"https:\/\/fmr.arteiasi.ro\/wp-content\/uploads\/2025\/10\/Afis-13-oct.-ora-17.00.-Palatul-Braunstein-whapp-1-731x1024.jpg\" alt=\"\" class=\"wp-image-1339\" srcset=\"https:\/\/fmr.arteiasi.ro\/wp-content\/uploads\/2025\/10\/Afis-13-oct.-ora-17.00.-Palatul-Braunstein-whapp-1-731x1024.jpg 731w, https:\/\/fmr.arteiasi.ro\/wp-content\/uploads\/2025\/10\/Afis-13-oct.-ora-17.00.-Palatul-Braunstein-whapp-1-214x300.jpg 214w, https:\/\/fmr.arteiasi.ro\/wp-content\/uploads\/2025\/10\/Afis-13-oct.-ora-17.00.-Palatul-Braunstein-whapp-1-768x1075.jpg 768w\" sizes=\"auto, (max-width: 731px) 100vw, 731px\" \/><\/a><\/figure>\n","protected":false},"excerpt":{"rendered":"<p>Luni, 13 octombrie, ora 17.00 Palatul Braunstein Muzica saloanelor boiere\u0219ti de veac XIX \u2013 Restitutio Carol Mikuli RECITAL \u2013 CONFERIN\u021a\u0102 Particip\u0103: CRISTINA ANDRA R\u0102DUCANU, pian &nbsp;&nbsp;&nbsp; IRINA ZAMFIRA D\u0102NIL\u0102, muzicolog Program: Prelucr\u0103ri de folclor \u0219i miniaturi de salon de Carol Mikuli Program:<\/p>\n","protected":false},"author":3,"featured_media":0,"comment_status":"closed","ping_status":"open","sticky":false,"template":"","format":"standard","meta":{"footnotes":""},"categories":[80],"tags":[],"class_list":["post-1337","post","type-post","status-publish","format-standard","hentry","category-evenimente-fmr-2025"],"_links":{"self":[{"href":"https:\/\/fmr.arteiasi.ro\/index.php?rest_route=\/wp\/v2\/posts\/1337","targetHints":{"allow":["GET"]}}],"collection":[{"href":"https:\/\/fmr.arteiasi.ro\/index.php?rest_route=\/wp\/v2\/posts"}],"about":[{"href":"https:\/\/fmr.arteiasi.ro\/index.php?rest_route=\/wp\/v2\/types\/post"}],"author":[{"embeddable":true,"href":"https:\/\/fmr.arteiasi.ro\/index.php?rest_route=\/wp\/v2\/users\/3"}],"replies":[{"embeddable":true,"href":"https:\/\/fmr.arteiasi.ro\/index.php?rest_route=%2Fwp%2Fv2%2Fcomments&post=1337"}],"version-history":[{"count":1,"href":"https:\/\/fmr.arteiasi.ro\/index.php?rest_route=\/wp\/v2\/posts\/1337\/revisions"}],"predecessor-version":[{"id":1340,"href":"https:\/\/fmr.arteiasi.ro\/index.php?rest_route=\/wp\/v2\/posts\/1337\/revisions\/1340"}],"wp:attachment":[{"href":"https:\/\/fmr.arteiasi.ro\/index.php?rest_route=%2Fwp%2Fv2%2Fmedia&parent=1337"}],"wp:term":[{"taxonomy":"category","embeddable":true,"href":"https:\/\/fmr.arteiasi.ro\/index.php?rest_route=%2Fwp%2Fv2%2Fcategories&post=1337"},{"taxonomy":"post_tag","embeddable":true,"href":"https:\/\/fmr.arteiasi.ro\/index.php?rest_route=%2Fwp%2Fv2%2Ftags&post=1337"}],"curies":[{"name":"wp","href":"https:\/\/api.w.org\/{rel}","templated":true}]}}