{"id":1334,"date":"2025-10-11T15:00:15","date_gmt":"2025-10-11T12:00:15","guid":{"rendered":"https:\/\/fmr.arteiasi.ro\/?p=1334"},"modified":"2025-10-11T15:04:04","modified_gmt":"2025-10-11T12:04:04","slug":"luni-13-oct-ora-17-sala-e-caudella-casa-bals-muzica-de-camera-in-creatia-compozitorilor-ieseni-concert-cameral","status":"publish","type":"post","link":"https:\/\/fmr.arteiasi.ro\/?p=1334","title":{"rendered":"Luni, 13 oct., ora 17 | Sala \u201eE. Caudella\u201d, Casa Bal\u0219 &#8211; Muzica de camer\u0103 \u00een crea\u021bia compozitorilor ie\u0219eni | Concert cameral"},"content":{"rendered":"\n<p>Luni, 13 octombrie, ora 17.00<\/p>\n\n\n\n<p>Sala \u201eEduard Caudella\u201d, Casa Bal\u0219<\/p>\n\n\n\n<p><strong><em>Muzica de camer\u0103 \u00een crea\u021bia compozitorilor ie\u0219eni<\/em><\/strong><\/p>\n\n\n\n<p>CONCERT CAMERAL<\/p>\n\n\n\n<p>Interpreteaz\u0103:<\/p>\n\n\n\n<p><strong>BOGDAN DUMITRA\u0218CU<\/strong>, vioar\u0103<\/p>\n\n\n\n<p><strong>VLAD HRUBARU<\/strong>, vioar\u0103<\/p>\n\n\n\n<p><strong>MIHAI DORU COST\u0102CHESCU<\/strong>, viol\u0103<\/p>\n\n\n\n<p><strong>SEBASTIAN V\u00ceRTOSU<\/strong>, violoncel<\/p>\n\n\n\n<p><strong>DOINA GRIGORE<\/strong>, pian<\/p>\n\n\n\n<p>Eveniment prefa\u021bat de muzicolog dr. <strong>MIHAELA-GEORGIANA BALAN<\/strong><\/p>\n\n\n\n<p>Program:<\/p>\n\n\n\n<p><strong>Vasile Sp\u0103t\u0103relu<\/strong> \u2013 <em>4 Contraste<\/em> pentru vioar\u0103 \u0219i pian<\/p>\n\n\n\n<p><strong>Robert-Dumitru Burc\u0103<\/strong> \u2013 <em>Cvartet<\/em> (prim\u0103 audi\u021bie)<\/p>\n\n\n\n<p><strong>Ciprian Ion<\/strong> \u2013 <em>Cvartet<\/em><strong>Bogdan Chiro\u0219c\u0103<\/strong> \u2013 <em>Cvartet nr. 2 <\/em>(prim\u0103 audi\u021bie)<\/p>\n\n\n\n<figure class=\"wp-block-image size-large\"><a href=\"http:\/\/fmr.arteiasi.ro\/wp-content\/uploads\/2025\/10\/Afis-13-oct.-ora-17.00.-sala-Caudella-whapp.jpg\"><img loading=\"lazy\" decoding=\"async\" width=\"731\" height=\"1024\" src=\"http:\/\/fmr.arteiasi.ro\/wp-content\/uploads\/2025\/10\/Afis-13-oct.-ora-17.00.-sala-Caudella-whapp-731x1024.jpg\" alt=\"\" class=\"wp-image-1338\" srcset=\"https:\/\/fmr.arteiasi.ro\/wp-content\/uploads\/2025\/10\/Afis-13-oct.-ora-17.00.-sala-Caudella-whapp-731x1024.jpg 731w, https:\/\/fmr.arteiasi.ro\/wp-content\/uploads\/2025\/10\/Afis-13-oct.-ora-17.00.-sala-Caudella-whapp-214x300.jpg 214w, https:\/\/fmr.arteiasi.ro\/wp-content\/uploads\/2025\/10\/Afis-13-oct.-ora-17.00.-sala-Caudella-whapp-768x1075.jpg 768w\" sizes=\"auto, (max-width: 731px) 100vw, 731px\" \/><\/a><\/figure>\n","protected":false},"excerpt":{"rendered":"<p>Luni, 13 octombrie, ora 17.00 Sala \u201eEduard Caudella\u201d, Casa Bal\u0219 Muzica de camer\u0103 \u00een crea\u021bia compozitorilor ie\u0219eni CONCERT CAMERAL Interpreteaz\u0103: BOGDAN DUMITRA\u0218CU, vioar\u0103 VLAD HRUBARU, vioar\u0103 MIHAI DORU COST\u0102CHESCU, viol\u0103 SEBASTIAN V\u00ceRTOSU, violoncel DOINA GRIGORE, pian Eveniment prefa\u021bat de muzicolog dr. MIHAELA-GEORGIANA BALAN Program: Vasile Sp\u0103t\u0103relu \u2013 4 Contraste pentru vioar\u0103 \u0219i pian Robert-Dumitru Burc\u0103 [&hellip;]<\/p>\n","protected":false},"author":3,"featured_media":0,"comment_status":"closed","ping_status":"open","sticky":false,"template":"","format":"standard","meta":{"footnotes":""},"categories":[80],"tags":[],"class_list":["post-1334","post","type-post","status-publish","format-standard","hentry","category-evenimente-fmr-2025"],"_links":{"self":[{"href":"https:\/\/fmr.arteiasi.ro\/index.php?rest_route=\/wp\/v2\/posts\/1334","targetHints":{"allow":["GET"]}}],"collection":[{"href":"https:\/\/fmr.arteiasi.ro\/index.php?rest_route=\/wp\/v2\/posts"}],"about":[{"href":"https:\/\/fmr.arteiasi.ro\/index.php?rest_route=\/wp\/v2\/types\/post"}],"author":[{"embeddable":true,"href":"https:\/\/fmr.arteiasi.ro\/index.php?rest_route=\/wp\/v2\/users\/3"}],"replies":[{"embeddable":true,"href":"https:\/\/fmr.arteiasi.ro\/index.php?rest_route=%2Fwp%2Fv2%2Fcomments&post=1334"}],"version-history":[{"count":2,"href":"https:\/\/fmr.arteiasi.ro\/index.php?rest_route=\/wp\/v2\/posts\/1334\/revisions"}],"predecessor-version":[{"id":1341,"href":"https:\/\/fmr.arteiasi.ro\/index.php?rest_route=\/wp\/v2\/posts\/1334\/revisions\/1341"}],"wp:attachment":[{"href":"https:\/\/fmr.arteiasi.ro\/index.php?rest_route=%2Fwp%2Fv2%2Fmedia&parent=1334"}],"wp:term":[{"taxonomy":"category","embeddable":true,"href":"https:\/\/fmr.arteiasi.ro\/index.php?rest_route=%2Fwp%2Fv2%2Fcategories&post=1334"},{"taxonomy":"post_tag","embeddable":true,"href":"https:\/\/fmr.arteiasi.ro\/index.php?rest_route=%2Fwp%2Fv2%2Ftags&post=1334"}],"curies":[{"name":"wp","href":"https:\/\/api.w.org\/{rel}","templated":true}]}}