{"id":1330,"date":"2025-10-08T19:46:01","date_gmt":"2025-10-08T16:46:01","guid":{"rendered":"https:\/\/fmr.arteiasi.ro\/?p=1330"},"modified":"2025-10-11T20:58:32","modified_gmt":"2025-10-11T17:58:32","slug":"luni-13-oct-ora-11-caleidoscop-componistic-concert-cameral-de-muzica-contemporana-ansamblul-timbris","status":"publish","type":"post","link":"https:\/\/fmr.arteiasi.ro\/?p=1330","title":{"rendered":"Luni, 13 oct., ora 11 &#8211; Caleidoscop componistic | Concert cameral de muzic\u0103 contemporan\u0103 | Ansamblul TimbrIS"},"content":{"rendered":"\n<p>Luni, 13 octombrie, ora 11.00 Sala \u201eEduard Caudella\u201d, Casa Bal\u0219 <\/p>\n\n\n\n<p><strong><em>Caleidoscop componistic<\/em><\/strong> <\/p>\n\n\n\n<p>CONCERT CAMERAL DE MUZIC\u0102 CONTEMPORAN\u0102<\/p>\n\n\n\n<p>Interpreteaz\u0103: <strong>Ansamblul <em>TimbrIS<\/em><\/strong><em><\/em><\/p>\n\n\n\n<p><strong>ANDREI ENOIU-P\u00c2NZARIU<\/strong>, pian<\/p>\n\n\n\n<p><strong>BOGDAN ONOFREI<\/strong>, vioar\u0103<\/p>\n\n\n\n<p><strong>MIHAI DORU COST\u0102CHESCU<\/strong>, viol\u0103<\/p>\n\n\n\n<p><strong>ANDREEA CUCU-BURDA<\/strong>, oboi<\/p>\n\n\n\n<p><strong>CARLA-MARIA STOLERU<\/strong>, flaut<\/p>\n\n\n\n<p><strong>ZAHARIA HOJBOT\u0102<\/strong>, clarinet<\/p>\n\n\n\n<p><strong>IOANA AILENEI<\/strong>, percu\u021bie<\/p>\n\n\n\n<p><strong>CLARA SOFIA LUPA\u0218CU<\/strong>, violoncel<\/p>\n\n\n\n<p>Eveniment prefa\u021bat de<\/p>\n\n\n\n<p>Muzicolog dr. <strong>MIHAELA RUSU<\/strong><\/p>\n\n\n\n<p>Program:<\/p>\n\n\n\n<p><strong>Ciprian Ion<\/strong> \u2013 <em>Obsesii hibernale<\/em> pentru flaut, clarinet, percu\u021bie, vioar\u0103 \u0219i pian<\/p>\n\n\n\n<p><strong>Vlad Baciu<\/strong> \u2013 <em>You are green <\/em>pentru flaut, clarinet, vioar\u0103, violoncel \u0219i pian<\/p>\n\n\n\n<p><strong>Paul Pintilie<\/strong> \u2013 <em>Loco Barocco<\/em> pentru sextet (flaut, oboi, clarinet, pian, vioar\u0103, violoncel)<\/p>\n\n\n\n<p><strong>Izabela Vieriu<\/strong> \u2013 <em>Cvintet<\/em> pentru oboi, vioar\u0103, viol\u0103, violoncel \u0219i pian<strong>Doina Rotaru<\/strong> \u2013 <em>Dragonfly<\/em> pentru flaut <em>solo<\/em><\/p>\n\n\n\n<figure class=\"wp-block-image size-large\"><a href=\"https:\/\/fmr.arteiasi.ro\/wp-content\/uploads\/2025\/10\/Afis-13-oct.-ora-11.00.-sala-Caudella-whapp.jpg\"><img loading=\"lazy\" decoding=\"async\" width=\"731\" height=\"1024\" src=\"https:\/\/fmr.arteiasi.ro\/wp-content\/uploads\/2025\/10\/Afis-13-oct.-ora-11.00.-sala-Caudella-whapp-731x1024.jpg\" alt=\"\" class=\"wp-image-1332\" srcset=\"https:\/\/fmr.arteiasi.ro\/wp-content\/uploads\/2025\/10\/Afis-13-oct.-ora-11.00.-sala-Caudella-whapp-731x1024.jpg 731w, https:\/\/fmr.arteiasi.ro\/wp-content\/uploads\/2025\/10\/Afis-13-oct.-ora-11.00.-sala-Caudella-whapp-214x300.jpg 214w, https:\/\/fmr.arteiasi.ro\/wp-content\/uploads\/2025\/10\/Afis-13-oct.-ora-11.00.-sala-Caudella-whapp-768x1075.jpg 768w\" sizes=\"auto, (max-width: 731px) 100vw, 731px\" \/><\/a><\/figure>\n","protected":false},"excerpt":{"rendered":"<p>Luni, 13 octombrie, ora 11.00 Sala \u201eEduard Caudella\u201d, Casa Bal\u0219 Caleidoscop componistic CONCERT CAMERAL DE MUZIC\u0102 CONTEMPORAN\u0102 Interpreteaz\u0103: Ansamblul TimbrIS ANDREI ENOIU-P\u00c2NZARIU, pian BOGDAN ONOFREI, vioar\u0103 MIHAI DORU COST\u0102CHESCU, viol\u0103 ANDREEA CUCU-BURDA, oboi CARLA-MARIA STOLERU, flaut ZAHARIA HOJBOT\u0102, clarinet IOANA AILENEI, percu\u021bie CLARA SOFIA LUPA\u0218CU, violoncel Eveniment prefa\u021bat de Muzicolog dr. MIHAELA RUSU Program: Ciprian [&hellip;]<\/p>\n","protected":false},"author":3,"featured_media":0,"comment_status":"closed","ping_status":"open","sticky":false,"template":"","format":"standard","meta":{"footnotes":""},"categories":[80],"tags":[],"class_list":["post-1330","post","type-post","status-publish","format-standard","hentry","category-evenimente-fmr-2025"],"_links":{"self":[{"href":"https:\/\/fmr.arteiasi.ro\/index.php?rest_route=\/wp\/v2\/posts\/1330","targetHints":{"allow":["GET"]}}],"collection":[{"href":"https:\/\/fmr.arteiasi.ro\/index.php?rest_route=\/wp\/v2\/posts"}],"about":[{"href":"https:\/\/fmr.arteiasi.ro\/index.php?rest_route=\/wp\/v2\/types\/post"}],"author":[{"embeddable":true,"href":"https:\/\/fmr.arteiasi.ro\/index.php?rest_route=\/wp\/v2\/users\/3"}],"replies":[{"embeddable":true,"href":"https:\/\/fmr.arteiasi.ro\/index.php?rest_route=%2Fwp%2Fv2%2Fcomments&post=1330"}],"version-history":[{"count":4,"href":"https:\/\/fmr.arteiasi.ro\/index.php?rest_route=\/wp\/v2\/posts\/1330\/revisions"}],"predecessor-version":[{"id":1458,"href":"https:\/\/fmr.arteiasi.ro\/index.php?rest_route=\/wp\/v2\/posts\/1330\/revisions\/1458"}],"wp:attachment":[{"href":"https:\/\/fmr.arteiasi.ro\/index.php?rest_route=%2Fwp%2Fv2%2Fmedia&parent=1330"}],"wp:term":[{"taxonomy":"category","embeddable":true,"href":"https:\/\/fmr.arteiasi.ro\/index.php?rest_route=%2Fwp%2Fv2%2Fcategories&post=1330"},{"taxonomy":"post_tag","embeddable":true,"href":"https:\/\/fmr.arteiasi.ro\/index.php?rest_route=%2Fwp%2Fv2%2Ftags&post=1330"}],"curies":[{"name":"wp","href":"https:\/\/api.w.org\/{rel}","templated":true}]}}